{"id":29451,"date":"2026-08-31T09:57:23","date_gmt":"2026-08-31T13:57:23","guid":{"rendered":"https:\/\/samantharadionline.com\/?p=29451"},"modified":"2026-08-31T09:57:24","modified_gmt":"2026-08-31T13:57:24","slug":"inimaginable-el-balance-de-victimas-en-nepal","status":"publish","type":"post","link":"https:\/\/samantharadionline.com\/index.php\/2026\/08\/31\/inimaginable-el-balance-de-victimas-en-nepal\/","title":{"rendered":"\u00abInimaginable\u00bb el balance de v\u00edctimas en Nepal"},"content":{"rendered":"\n<h2 class=\"wp-block-heading has-medium-font-size\"><em>Los rescatistas siguen \u00abevacuando el agua y los escombros\u00bb del t\u00fanel, utilizando explosivos y maquinaria de excavaci\u00f3n, inform\u00f3 el ej\u00e9rcito nepal\u00ed<\/em><\/h2>\n\n\n\n<figure class=\"wp-block-image\"><img decoding=\"async\" src=\"https:\/\/listindiario.com\/files\/image_60_60\/uploads\/2025\/06\/12\/684b39171bfd7.jpeg\" alt=\"Avatar del Agencia AFP\"\/><\/figure>\n\n\n\n<p class=\"wp-block-paragraph\"><strong><em>\u00a0<\/em>Agencia AFP, Nuwakot, Nepal<\/strong><\/p>\n\n\n\n<p class=\"wp-block-paragraph\">A medida que pasan los d\u00edas y se ve la magnitud de la&nbsp;<strong>cat\u00e1strofe<\/strong>, el balance del alud que devast\u00f3 el mi\u00e9rcoles&nbsp;<strong>Nepal&nbsp;<\/strong>y&nbsp;<strong>China&nbsp;<\/strong>se agrav\u00f3 a\u00fan m\u00e1s el lunes, alcanzando m\u00e1s de 900&nbsp;<strong>muertos&nbsp;<\/strong>y 4.700 desaparecidos.<\/p>\n\n\n\n<p class=\"wp-block-paragraph\">\u00ab<strong>Nuestro pa\u00eds se enfrenta a un desastre natural de una magnitud inimaginable y desgarradora<\/strong>\u00ab, declar\u00f3 el primer ministro nepal\u00ed Balendra Shah, \u00abpero avanzamos con determinaci\u00f3n para proteger la vida de los ciudadanos\u00bb.<\/p>\n\n\n\n<ul class=\"wp-block-list\">\n<li class=\"has-large-font-size\"><br>Autoridades de Nepal advierten de nuevas posibles inundaciones<\/li>\n<\/ul>\n\n\n\n<p class=\"wp-block-paragraph\"><strong>Lea tambi\u00e9n<\/strong><\/p>\n\n\n\n<p class=\"wp-block-paragraph\">En condiciones peligrosas y bajo la amenaza de una nueva crecida de las aguas, los rescatistas redoblan sus esfuerzos para intentar arrancar a posibles supervivientes del mar de barro que ha sepultado a esta remota regi\u00f3n del Himalaya.<\/p>\n\n\n\n<p class=\"wp-block-paragraph\">La polic\u00eda nepal\u00ed comparti\u00f3 la historia del rescate milagroso, el viernes, de una ni\u00f1a de 6 a\u00f1os. \u00abLa encontramos bajo los escombros (&#8230;) solo asomaba la cabeza\u00bb, declar\u00f3 a la AFP uno de sus oficiales, Bahadur Karki.<\/p>\n\n\n\n<p class=\"wp-block-paragraph\">\u00abHoy est\u00e1 fuera de peligro y se recupera en un hospital rodeada de su familia\u00bb.<\/p>\n\n\n\n<p class=\"wp-block-paragraph\">A pesar de sus esfuerzos, las autoridades nepal\u00edes segu\u00edan este lunes sin lograr entrar en contacto con un centenar de obreros que creen atrapados en un t\u00fanel de una obra en la regi\u00f3n siniestrada.<\/p>\n\n\n\n<p class=\"wp-block-paragraph\">Los rescatistas siguen \u00abevacuando el agua y los escombros\u00bb del t\u00fanel, utilizando explosivos y maquinaria de excavaci\u00f3n, inform\u00f3 el ej\u00e9rcito nepal\u00ed.<\/p>\n\n\n\n<p class=\"wp-block-paragraph\">Otras operaciones est\u00e1n en curso en t\u00faneles del mismo valle, en lugares de centrales hidroel\u00e9ctricas o de construcci\u00f3n de represas.<\/p>\n\n\n\n<h3 class=\"wp-block-heading\">Como un tsunami&nbsp;<\/h3>\n\n\n\n<p class=\"wp-block-paragraph\">Varias decenas de militares, polic\u00edas y gu\u00edas nepaleses trabajan d\u00eda y noche en estos lugares de dif\u00edcil acceso, asistidos por especialistas procedentes de India, China y Corea del Sur.<\/p>\n\n\n\n<p class=\"wp-block-paragraph\">Hospitalizado en la capital, Katmand\u00fa, un empleado de la central hidroel\u00e9ctrica Upper Trishuli, Shibu Giri, de 44 a\u00f1os, describi\u00f3 el lunes a la AFP c\u00f3mo escap\u00f3 milagrosamente a la ola que lo arras\u00f3 todo.<\/p>\n\n\n\n<p class=\"wp-block-paragraph\">\u00abFue como un tsunami, con un ruido enorme y una enorme nube de polvo\u00bb, se\u00f1al\u00f3. \u00abHuyendo, subimos a las alturas (&#8230;) ya no se ve\u00eda nada, realmente cre\u00ed que no saldr\u00eda con vida\u00bb.<\/p>\n\n\n\n<p class=\"wp-block-paragraph\">En el lado chino, los equipos de rescate exploran con las mismas dificultades el coraz\u00f3n de la zona siniestrada en el T\u00edbet, en particular el puesto fronterizo de Gyirong, cuyo edificio fue borrado por las aguas.<\/p>\n\n\n\n<p class=\"wp-block-paragraph\">Expertos y cient\u00edficos atribuyen la devastadora crecida del mi\u00e9rcoles al derrumbe de un enorme glaciar, que transform\u00f3 un apacible r\u00edo en un torrente furioso.<\/p>\n\n\n\n<p class=\"wp-block-paragraph\">Seg\u00fan los \u00faltimos informes oficiales, a\u00fan muy provisionales, se han localizado 919 cad\u00e1veres en total: 903 del lado nepal\u00e9s y 16 en la vertiente tibetana.<\/p>\n\n\n\n<p class=\"wp-block-paragraph\">El paso incesante de helic\u00f3pteros y patrullas de los equipos de rescate han permitido evacuar a miles de v\u00edctimas, pero las autoridades de ambos pa\u00edses siguen sin noticias de cerca de 5.000 personas: 4.247 en Nepal y 546 en China.<\/p>\n\n\n\n<p class=\"wp-block-paragraph\">Entre ellas figuran cientos de extranjeros, turistas, peregrinos u obreros.<\/p>\n\n\n\n<ul class=\"wp-block-list\">\n<li class=\"has-large-font-size\">Sobrevivientes de las inundaciones entre Nepal y China llegan a zonas seguras<\/li>\n<\/ul>\n\n\n\n<p class=\"wp-block-paragraph\"><strong>Lea tambi\u00e9n<\/strong><\/p>\n\n\n\n<h3 class=\"wp-block-heading\">\u00abDesastre en curso\u00bb&nbsp;<\/h3>\n\n\n\n<p class=\"wp-block-paragraph\">Seis d\u00edas despu\u00e9s de la cat\u00e1strofe, las familias de los desaparecidos siguen agolp\u00e1ndose en los hospitales y morgues de todo Nepal en busca de informaci\u00f3n sobre sus seres queridos.<\/p>\n\n\n\n<p class=\"wp-block-paragraph\">Es especialmente el caso en Bharatpur, en el sur de Nepal, donde la fuerza de las aguas arrastr\u00f3 unos 250 cuerpos a m\u00e1s de 100 kil\u00f3metros del inicio del desastre.<\/p>\n\n\n\n<p class=\"wp-block-paragraph\">En un edificio, se invita a los allegados a intentar identificarlos en im\u00e1genes de video. Se trata de un trabajo largo, dif\u00edcil y contra el tiempo.<\/p>\n\n\n\n<p class=\"wp-block-paragraph\">Mientras la morgue de Bharatpur est\u00e1 desbordada de cad\u00e1veres, las autoridades comenzaron el domingo a enterrar algunos sin siquiera esperar a su identificaci\u00f3n, por motivos sanitarios.<\/p>\n\n\n\n<p class=\"wp-block-paragraph\">Estas inhumaciones tienen lugar despu\u00e9s de la toma de una muestra de ADN, precisaron las autoridades, y con car\u00e1cter provisional para las v\u00edctimas de confesi\u00f3n hind\u00fa.<\/p>\n\n\n\n<p class=\"wp-block-paragraph\">Sus familias podr\u00e1n posteriormente, tras una identificaci\u00f3n formal, exhumarlos e incinerarlos como establece la tradici\u00f3n.<\/p>\n\n\n\n<p class=\"wp-block-paragraph\">\u00abSe han recuperado numerosos cuerpos y han empezado a descomponerse\u00bb, justific\u00f3 un responsable del Ministerio de Relaciones Exteriores, Amrit Bahadur Rai.<\/p>\n\n\n\n<p class=\"wp-block-paragraph\">Por ahora el costo de la tragedia ascienden a \u00abmiles de millones de d\u00f3lares\u00bb, advirti\u00f3 el gobierno de Nepal.<\/p>\n\n\n\n<p class=\"wp-block-paragraph\">\u00abEs un desastre en curso\u00bb, resumi\u00f3 para la AFP Abiodun Banire, de la oficina nepal\u00ed del Fondo de las Naciones Unidas para la Infancia (Unicef).<\/p>\n\n\n\n<p class=\"wp-block-paragraph\">La tragedia fue causada por el colapso de un glaciar, que envi\u00f3 una pared de agua y escombros r\u00edo abajo, seg\u00fan inform\u00f3 el Servicio Geol\u00f3gico de Estados Unidos.<\/p>\n\n\n\n<p class=\"wp-block-paragraph\">El primer ministro nepal\u00ed, Balendra Shah, ha subrayado la inequidad de que Nepal sufra los impactos extremos del cambio clim\u00e1tico cuando tiene una de las emisiones de carbono per c\u00e1pita m\u00e1s bajas del mundo.<\/p>\n\n\n\n<p class=\"wp-block-paragraph\">Eso se debe a su ubicaci\u00f3n en el Himalaya, la cordillera m\u00e1s alta del mundo, donde los glaciares se est\u00e1n derritiendo a gran velocidad a medida que el planeta se calienta.<\/p>\n","protected":false},"excerpt":{"rendered":"<p>Los rescatistas siguen \u00abevacuando el agua y los escombros\u00bb del t\u00fanel, utilizando explosivos y maquinaria<\/p>\n","protected":false},"author":1,"featured_media":29452,"comment_status":"open","ping_status":"open","sticky":false,"template":"","format":"standard","meta":{"footnotes":""},"categories":[4],"tags":[],"class_list":["post-29451","post","type-post","status-publish","format-standard","has-post-thumbnail","hentry","category-mundiales"],"_links":{"self":[{"href":"https:\/\/samantharadionline.com\/index.php\/wp-json\/wp\/v2\/posts\/29451","targetHints":{"allow":["GET"]}}],"collection":[{"href":"https:\/\/samantharadionline.com\/index.php\/wp-json\/wp\/v2\/posts"}],"about":[{"href":"https:\/\/samantharadionline.com\/index.php\/wp-json\/wp\/v2\/types\/post"}],"author":[{"embeddable":true,"href":"https:\/\/samantharadionline.com\/index.php\/wp-json\/wp\/v2\/users\/1"}],"replies":[{"embeddable":true,"href":"https:\/\/samantharadionline.com\/index.php\/wp-json\/wp\/v2\/comments?post=29451"}],"version-history":[{"count":1,"href":"https:\/\/samantharadionline.com\/index.php\/wp-json\/wp\/v2\/posts\/29451\/revisions"}],"predecessor-version":[{"id":29453,"href":"https:\/\/samantharadionline.com\/index.php\/wp-json\/wp\/v2\/posts\/29451\/revisions\/29453"}],"wp:featuredmedia":[{"embeddable":true,"href":"https:\/\/samantharadionline.com\/index.php\/wp-json\/wp\/v2\/media\/29452"}],"wp:attachment":[{"href":"https:\/\/samantharadionline.com\/index.php\/wp-json\/wp\/v2\/media?parent=29451"}],"wp:term":[{"taxonomy":"category","embeddable":true,"href":"https:\/\/samantharadionline.com\/index.php\/wp-json\/wp\/v2\/categories?post=29451"},{"taxonomy":"post_tag","embeddable":true,"href":"https:\/\/samantharadionline.com\/index.php\/wp-json\/wp\/v2\/tags?post=29451"}],"curies":[{"name":"wp","href":"https:\/\/api.w.org\/{rel}","templated":true}]}}