{"id":29442,"date":"2026-08-31T09:30:14","date_gmt":"2026-08-31T13:30:14","guid":{"rendered":"https:\/\/samantharadionline.com\/?p=29442"},"modified":"2026-08-31T09:30:15","modified_gmt":"2026-08-31T13:30:15","slug":"aguaceros-este-lunes-siguen-las-provincias-en-alerta","status":"publish","type":"post","link":"https:\/\/samantharadionline.com\/index.php\/2026\/08\/31\/aguaceros-este-lunes-siguen-las-provincias-en-alerta\/","title":{"rendered":"Aguaceros este lunes; siguen las provincias en alerta"},"content":{"rendered":"\n<h2 class=\"wp-block-heading has-medium-font-size\"><em>Debido a las precipitaciones previstas, se mantienen las alertas meteorol\u00f3gicas ante posibles crecidas de r\u00edos, arroyos y ca\u00f1adas, as\u00ed como inundaciones repentinas en zonas aisladas y altamente vulnerables<\/em><\/h2>\n\n\n\n<p class=\"wp-block-paragraph\"><strong>Santo Domingo, RD<\/strong><\/p>\n\n\n\n<p class=\"wp-block-paragraph\">El&nbsp;<strong>Instituto Dominicano de Meteorolog\u00eda<\/strong>&nbsp;(<strong>Indomet<\/strong>) inform\u00f3 que este lunes una&nbsp;<strong>vaguada&nbsp;<\/strong>que interact\u00faa con una&nbsp;<strong>onda tropical<\/strong>&nbsp;se aleja sobre aguas del mar Caribe, pero seguir\u00e1 generando algunos nublados acompa\u00f1ados de&nbsp;<strong>aguaceros&nbsp;<\/strong>dispersos.<\/p>\n\n\n\n<p class=\"wp-block-paragraph\">Estas precipitaciones estar\u00e1n principalmente sobre localidades de las regiones sureste y nordeste, como Saman\u00e1, La Altagracia, El Seibo, Monte Plata, Mar\u00eda Trinidad S\u00e1nchez, entre otras.<\/p>\n\n\n\n<p class=\"wp-block-paragraph\">Se espera que estas lluvias se intensifiquen con tormentas el\u00e9ctricas y r\u00e1fagas de viento, contin\u00faen durante la tarde y se extiendan hacia localidades de Hermanas Mirabal, Espaillat, La Vega, Monse\u00f1or Nouel, San Jos\u00e9 de Ocoa, Santiago, Puerto Plata, Azua, San Juan, El\u00edas Pi\u00f1a, Dajab\u00f3n, Independencia, Bahoruco, Barahona, Pedernales y el Gran Santo Domingo, entre otras provincias.<\/p>\n\n\n\n<p class=\"wp-block-paragraph\">Debido a las&nbsp;<strong>precipitaciones&nbsp;<\/strong>previstas, se mantienen las&nbsp;<strong>alertas meteorol\u00f3gicas<\/strong>&nbsp;ante posibles crecidas de r\u00edos, arroyos y ca\u00f1adas, as\u00ed como inundaciones repentinas en zonas aisladas y altamente vulnerables en La Altagracia, La Romana, El Seibo, Hato Mayor, San Pedro de Macor\u00eds, Saman\u00e1 y el Gran Santo Domingo.<\/p>\n\n\n\n<h3 class=\"wp-block-heading\">onda tropical<\/h3>\n\n\n\n<p class=\"wp-block-paragraph\">Indomet dijo que vigila una onda tropical, asociada a los remanentes de la&nbsp;<strong>tormenta tropical Dolly<\/strong>, localizada al este de Puerto Rico.<\/p>\n\n\n\n<p class=\"wp-block-paragraph\">Su probabilidad de alcanzar la categor\u00eda de cicl\u00f3n tropical es baja, inferior al 20 %; sin embargo, se espera que produzca lluvias importantes sobre sectores del nordeste y norte del Caribe durante los pr\u00f3ximos d\u00edas. Por su ubicaci\u00f3n y desplazamiento previsto, se recomienda dar seguimiento a su evoluci\u00f3n.<\/p>\n\n\n\n<p class=\"wp-block-paragraph\">Asimismo, se informa sobre otro disturbio ubicado sobre el Golfo de Am\u00e9rica, con un potencial de 70 % para alcanzar la categor\u00eda de cicl\u00f3n tropical durante las pr\u00f3ximas 48 horas o los siguientes 7 d\u00edas. Por su posici\u00f3n y desplazamiento previsto, no representa peligro para la Rep\u00fablica Dominicana.<\/p>\n","protected":false},"excerpt":{"rendered":"<p>Debido a las precipitaciones previstas, se mantienen las alertas meteorol\u00f3gicas ante posibles crecidas de r\u00edos,<\/p>\n","protected":false},"author":1,"featured_media":29443,"comment_status":"open","ping_status":"open","sticky":false,"template":"","format":"standard","meta":{"footnotes":""},"categories":[12],"tags":[],"class_list":["post-29442","post","type-post","status-publish","format-standard","has-post-thumbnail","hentry","category-nacionales"],"_links":{"self":[{"href":"https:\/\/samantharadionline.com\/index.php\/wp-json\/wp\/v2\/posts\/29442","targetHints":{"allow":["GET"]}}],"collection":[{"href":"https:\/\/samantharadionline.com\/index.php\/wp-json\/wp\/v2\/posts"}],"about":[{"href":"https:\/\/samantharadionline.com\/index.php\/wp-json\/wp\/v2\/types\/post"}],"author":[{"embeddable":true,"href":"https:\/\/samantharadionline.com\/index.php\/wp-json\/wp\/v2\/users\/1"}],"replies":[{"embeddable":true,"href":"https:\/\/samantharadionline.com\/index.php\/wp-json\/wp\/v2\/comments?post=29442"}],"version-history":[{"count":1,"href":"https:\/\/samantharadionline.com\/index.php\/wp-json\/wp\/v2\/posts\/29442\/revisions"}],"predecessor-version":[{"id":29444,"href":"https:\/\/samantharadionline.com\/index.php\/wp-json\/wp\/v2\/posts\/29442\/revisions\/29444"}],"wp:featuredmedia":[{"embeddable":true,"href":"https:\/\/samantharadionline.com\/index.php\/wp-json\/wp\/v2\/media\/29443"}],"wp:attachment":[{"href":"https:\/\/samantharadionline.com\/index.php\/wp-json\/wp\/v2\/media?parent=29442"}],"wp:term":[{"taxonomy":"category","embeddable":true,"href":"https:\/\/samantharadionline.com\/index.php\/wp-json\/wp\/v2\/categories?post=29442"},{"taxonomy":"post_tag","embeddable":true,"href":"https:\/\/samantharadionline.com\/index.php\/wp-json\/wp\/v2\/tags?post=29442"}],"curies":[{"name":"wp","href":"https:\/\/api.w.org\/{rel}","templated":true}]}}