{"id":2865,"date":"2024-03-16T02:06:51","date_gmt":"2024-03-16T01:06:51","guid":{"rendered":"https:\/\/samantharadionline.com\/?p=2865"},"modified":"2024-03-16T02:06:52","modified_gmt":"2024-03-16T01:06:52","slug":"se-asomo-para-ver-y-lo-mataron-de-un-disparo","status":"publish","type":"post","link":"https:\/\/samantharadionline.com\/index.php\/2024\/03\/16\/se-asomo-para-ver-y-lo-mataron-de-un-disparo\/","title":{"rendered":"Se asom\u00f3 para ver y lo mataron de un disparo"},"content":{"rendered":"\n<p>\u00a9\u00a0Proporcionado por Metro Ecuador<\/p>\n\n\n\n<p>Un hombre falleci\u00f3 tras\u00a0recibir un disparo en la cara\u00a0cuando se asom\u00f3 por una pared para ver lo que suced\u00eda en medio de un esc\u00e1ndalo donde sus vecinos porque se escuch\u00f3 una balacera. La v\u00edctima mortal es Bruno Em\u00eddio da Silva Junior, un hombre de 33 a\u00f1os.<\/p>\n\n\n\n<p>Fue cuesti\u00f3n de segundos para que pierda la vida de manera abrupta en su propia casa, el disparo lleg\u00f3 directo a su rostro. El hecho ocurri\u00f3 en el municipio de&nbsp;Apucarana, en Paran\u00e1, Brasil.<\/p>\n\n\n\n<p>De acuerdo a medios locales, Bruno da Silva subi\u00f3 a una mesa de la terraza porque escuch\u00f3 un esc\u00e1ndalo, cuando saca la cabeza por el muro el vecino le dispar\u00f3 en la cara y se dio a la fuga en un auto rojo.<\/p>\n\n\n\n<p>En im\u00e1genes que circulan en redes sociales, captadas por una c\u00e1mara de seguridad, se ve que su pareja lo acompa\u00f1a y es testigo del tr\u00e1gico momento que ocurri\u00f3 el pasado 9 de marzo.<\/p>\n\n\n\n<p>De acuerdo a\u00a0<em>g1 Globo,\u00a0<\/em>testigos mencionaron que escucharon disparos en la casa del vecino donde estaban en una fiesta. La persona que dispar\u00f3 fue identificada como Agnaldo da Silva Oroski, de 41 a\u00f1os, quien huy\u00f3 en el momento, pero d\u00edas despu\u00e9s se entreg\u00f3\u00a0a las autoridades.<\/p>\n\n\n\n<p>El detenido se defendi\u00f3 ante las autoridades mencionando que actu\u00f3 en defensa propia porque pens\u00f3 que su casa estaba siendo invadida.<\/p>\n\n\n\n<p><em><strong>\u201cHabr\u00eda o\u00eddo ruido en el tejado, por lo que habr\u00eda salido con el arma en la mano. En ese momento, habr\u00eda visto a un hombre intentando saltar su muro\u201d,&nbsp;<\/strong><\/em>dijo un vocero de las autoridades.<\/p>\n\n\n\n<p>Sin embargo, los testigos mencionan que Agnaldo ya hab\u00eda disparado\u00a0varias veces antes de lo que sucedi\u00f3 con Junior Em\u00eddio da Silva.<\/p>\n\n\n\n<figure class=\"wp-block-embed is-type-rich is-provider-twitter wp-block-embed-twitter\"><div class=\"wp-block-embed__wrapper\">\n<blockquote class=\"twitter-tweet\" data-width=\"550\" data-dnt=\"true\"><p lang=\"es\" dir=\"ltr\">Hab\u00eda una balacera. Sali\u00f3 a mirar y recibi\u00f3 un impacto fatal <a href=\"https:\/\/twitter.com\/hashtag\/Paran%C3%A1?src=hash&amp;ref_src=twsrc%5Etfw\">#Paran\u00e1<\/a> <a href=\"https:\/\/twitter.com\/hashtag\/Brasil?src=hash&amp;ref_src=twsrc%5Etfw\">#Brasil<\/a> <a href=\"https:\/\/t.co\/nlxwCv0eqw\">https:\/\/t.co\/nlxwCv0eqw<\/a><\/p>&mdash; Luchovoltio (@luchovoltios) <a href=\"https:\/\/twitter.com\/luchovoltios\/status\/1768276569083072683?ref_src=twsrc%5Etfw\">March 14, 2024<\/a><\/blockquote><script async src=\"https:\/\/platform.twitter.com\/widgets.js\" charset=\"utf-8\"><\/script>\n<\/div><\/figure>\n\n\n\n<p>En la casa del ahora detenido, la polic\u00eda incaut\u00f3 el arma que era una pistola 380, adem\u00e1s de escopetas y municiones.<\/p>\n","protected":false},"excerpt":{"rendered":"<p>\u00a9\u00a0Proporcionado por Metro Ecuador Un hombre falleci\u00f3 tras\u00a0recibir un disparo en la cara\u00a0cuando se asom\u00f3<\/p>\n","protected":false},"author":1,"featured_media":2866,"comment_status":"open","ping_status":"open","sticky":false,"template":"","format":"standard","meta":{"footnotes":""},"categories":[4],"tags":[],"class_list":["post-2865","post","type-post","status-publish","format-standard","has-post-thumbnail","hentry","category-mundiales"],"_links":{"self":[{"href":"https:\/\/samantharadionline.com\/index.php\/wp-json\/wp\/v2\/posts\/2865","targetHints":{"allow":["GET"]}}],"collection":[{"href":"https:\/\/samantharadionline.com\/index.php\/wp-json\/wp\/v2\/posts"}],"about":[{"href":"https:\/\/samantharadionline.com\/index.php\/wp-json\/wp\/v2\/types\/post"}],"author":[{"embeddable":true,"href":"https:\/\/samantharadionline.com\/index.php\/wp-json\/wp\/v2\/users\/1"}],"replies":[{"embeddable":true,"href":"https:\/\/samantharadionline.com\/index.php\/wp-json\/wp\/v2\/comments?post=2865"}],"version-history":[{"count":1,"href":"https:\/\/samantharadionline.com\/index.php\/wp-json\/wp\/v2\/posts\/2865\/revisions"}],"predecessor-version":[{"id":2867,"href":"https:\/\/samantharadionline.com\/index.php\/wp-json\/wp\/v2\/posts\/2865\/revisions\/2867"}],"wp:featuredmedia":[{"embeddable":true,"href":"https:\/\/samantharadionline.com\/index.php\/wp-json\/wp\/v2\/media\/2866"}],"wp:attachment":[{"href":"https:\/\/samantharadionline.com\/index.php\/wp-json\/wp\/v2\/media?parent=2865"}],"wp:term":[{"taxonomy":"category","embeddable":true,"href":"https:\/\/samantharadionline.com\/index.php\/wp-json\/wp\/v2\/categories?post=2865"},{"taxonomy":"post_tag","embeddable":true,"href":"https:\/\/samantharadionline.com\/index.php\/wp-json\/wp\/v2\/tags?post=2865"}],"curies":[{"name":"wp","href":"https:\/\/api.w.org\/{rel}","templated":true}]}}