{"id":2755,"date":"2024-03-13T21:50:51","date_gmt":"2024-03-13T20:50:51","guid":{"rendered":"https:\/\/samantharadionline.com\/?p=2755"},"modified":"2024-03-13T21:50:52","modified_gmt":"2024-03-13T20:50:52","slug":"piden-a-abinader-suspender-la-semanal-por-contribuir-a-promocion-electoral","status":"publish","type":"post","link":"https:\/\/samantharadionline.com\/index.php\/2024\/03\/13\/piden-a-abinader-suspender-la-semanal-por-contribuir-a-promocion-electoral\/","title":{"rendered":"Piden a Abinader suspender LA Semanal por \u201ccontribuir a promoci\u00f3n electoral\u201d"},"content":{"rendered":"\n<p>En un comunicado, el movimiento hizo un llamado al mandatario a colaborar con la transparencia y equidad de la Constituci\u00f3n dominicana a prop\u00f3sito de los comicios de mayo<\/p>\n\n\n\n<p><strong>Participaci\u00f3n Ciudadana<\/strong>, solicit\u00f3 al presidente de la Rep\u00fablica, Luis Abinader, suspender el desarrollo de \u201c<strong>LA Semanal<\/strong>\u201d hasta despu\u00e9s que se concluyan los comicios de mayo, al entender que ese encuentro contribuye a<strong>&nbsp;promoci\u00f3n electoral<\/strong>.<\/p>\n\n\n\n<p>En un comunicado, el movimiento hizo un llamado al mandatario a colaborar con la transparencia y equidad de la&nbsp;<strong>Constituci\u00f3n&nbsp;<\/strong>dominicana a prop\u00f3sito de los pr\u00f3ximos&nbsp;<strong>comicios<\/strong>.<\/p>\n\n\n\n<p>\u201cLa actividad citada promueve su obra de gobierno y contribuye a su promoci\u00f3n electoral, colocando a los dem\u00e1s candidatos a la&nbsp;<strong>presidencia&nbsp;<\/strong>en una situaci\u00f3n de desigualdad, pues genera mucha publicidad al encontrarse todos los medios convocados a la sede del<strong>&nbsp;gobierno central<\/strong>\u201d, indica el comunicado.<\/p>\n\n\n\n<p>Se\u00f1al\u00f3 que la&nbsp;<strong>suspensi\u00f3n&nbsp;<\/strong>ser\u00eda coherente con el contenido de su Decreto&nbsp;<strong>No. 1-24<\/strong>, que es un instrumento para regular la publicidad oficial y dispone en su art\u00edculo 5, literal h, la prohibici\u00f3n de \u201cusar publicidad que tenga por objeto o efecto destacar los logros de gesti\u00f3n o los objetivos alcanzados, salvo en el marco del per\u00edodo de rendici\u00f3n de cuentas ante el Congreso Nacional\u201d.<\/p>\n\n\n\n<p>Tambi\u00e9n invit\u00f3 al jefe de Estado a suspender la inauguraci\u00f3n o actividades p\u00fablicas hasta despu\u00e9s de las&nbsp;<strong>elecciones presidenciales<\/strong>&nbsp;y&nbsp;<strong>congresuales&nbsp;<\/strong>de mayo.<\/p>\n\n\n\n<p>\u201cReconocemos su derecho a llevar a cabo estas actividades hasta 60 d\u00edas antes de las elecciones, es decir, hasta el 20 de marzo, para lo que faltan escasos d\u00edas, pero ser\u00eda un&nbsp;gesto importante que contribuir\u00eda a mejorar el ambiente electoral, adem\u00e1s de ayudar a la equidad, pues otros candidatos y candidatas a la presidencia no tienen esta oportunidad que, qui\u00e9rase o no, genera favor electoral\u201d, dice.<\/p>\n","protected":false},"excerpt":{"rendered":"<p>En un comunicado, el movimiento hizo un llamado al mandatario a colaborar con la transparencia<\/p>\n","protected":false},"author":1,"featured_media":2756,"comment_status":"open","ping_status":"open","sticky":false,"template":"","format":"standard","meta":{"footnotes":""},"categories":[12],"tags":[],"class_list":["post-2755","post","type-post","status-publish","format-standard","has-post-thumbnail","hentry","category-nacionales"],"_links":{"self":[{"href":"https:\/\/samantharadionline.com\/index.php\/wp-json\/wp\/v2\/posts\/2755","targetHints":{"allow":["GET"]}}],"collection":[{"href":"https:\/\/samantharadionline.com\/index.php\/wp-json\/wp\/v2\/posts"}],"about":[{"href":"https:\/\/samantharadionline.com\/index.php\/wp-json\/wp\/v2\/types\/post"}],"author":[{"embeddable":true,"href":"https:\/\/samantharadionline.com\/index.php\/wp-json\/wp\/v2\/users\/1"}],"replies":[{"embeddable":true,"href":"https:\/\/samantharadionline.com\/index.php\/wp-json\/wp\/v2\/comments?post=2755"}],"version-history":[{"count":1,"href":"https:\/\/samantharadionline.com\/index.php\/wp-json\/wp\/v2\/posts\/2755\/revisions"}],"predecessor-version":[{"id":2757,"href":"https:\/\/samantharadionline.com\/index.php\/wp-json\/wp\/v2\/posts\/2755\/revisions\/2757"}],"wp:featuredmedia":[{"embeddable":true,"href":"https:\/\/samantharadionline.com\/index.php\/wp-json\/wp\/v2\/media\/2756"}],"wp:attachment":[{"href":"https:\/\/samantharadionline.com\/index.php\/wp-json\/wp\/v2\/media?parent=2755"}],"wp:term":[{"taxonomy":"category","embeddable":true,"href":"https:\/\/samantharadionline.com\/index.php\/wp-json\/wp\/v2\/categories?post=2755"},{"taxonomy":"post_tag","embeddable":true,"href":"https:\/\/samantharadionline.com\/index.php\/wp-json\/wp\/v2\/tags?post=2755"}],"curies":[{"name":"wp","href":"https:\/\/api.w.org\/{rel}","templated":true}]}}