{"id":2749,"date":"2024-03-13T17:18:42","date_gmt":"2024-03-13T16:18:42","guid":{"rendered":"https:\/\/samantharadionline.com\/?p=2749"},"modified":"2024-03-13T17:18:43","modified_gmt":"2024-03-13T16:18:43","slug":"ayuso-manda-a-pedro-sanchez-a-unas-vacaciones-en-dominicana","status":"publish","type":"post","link":"https:\/\/samantharadionline.com\/index.php\/2024\/03\/13\/ayuso-manda-a-pedro-sanchez-a-unas-vacaciones-en-dominicana\/","title":{"rendered":"Ayuso manda a Pedro S\u00e1nchez a unas vacaciones en dominicana"},"content":{"rendered":"\n<p>Este martes la presidenta asegur\u00f3 que detr\u00e1s de las acusaciones se encuentra el Gobierno de Espa\u00f1a, quien, a su juicio, estar\u00eda llevando a cabo una campa\u00f1a en su contra<\/p>\n\n\n\n<p><img decoding=\"async\" width=\"60px\" height=\"60px\" src=\"https:\/\/listindiario.com\/files\/image_60_60\/uploads\/2023\/05\/23\/646cd02f4f53e.jpeg\" alt=\"Avatar del Agencia EFE\"><em>\u00a0<\/em>AGENCIA EFE<\/p>\n\n\n\n<p><strong>Madrid<\/strong><\/p>\n\n\n\n<p>El&nbsp;<strong>presidente del Gobierno espa\u00f1ol<\/strong>, el socialista&nbsp;<strong>Pedro S\u00e1nchez<\/strong>, pidi\u00f3 este mi\u00e9rcoles la dimisi\u00f3n de la presidenta de la Comunidad de Madrid, la conservadora<strong>&nbsp;Isabel D\u00edaz Ayuso<\/strong>, porque<strong>&nbsp;Alberto Gonz\u00e1lez Amador<\/strong>, su pareja desde 2021, est\u00e1 bajo investigaci\u00f3n por un supuesto fraude fiscal.<\/p>\n\n\n\n<p>Durante una sesi\u00f3n del pleno del Congreso en la que S\u00e1nchez y el l\u00edder conservador\u00a0<strong>Alberto N\u00fa\u00f1ez Feij\u00f3o<\/strong>\u00a0protagonizaron un duro cruce de acusaciones, el<strong>\u00a0presidente del Gobierno\u00a0<\/strong>le reclam\u00f3 a su oponente hasta en tres ocasiones que exija la dimisi\u00f3n a su compa\u00f1era de filas.<\/p>\n\n\n\n<p>En respuesta,\u00a0<strong>N\u00fa\u00f1ez Feij\u00f3o atac\u00f3 a S\u00e1nchez\u00a0<\/strong>por el\u00a0<strong>\u00abcaso Koldo<\/strong>\u00ab, otra supuesta corruptela en la compraventa de material sanitario durante la pandemia, esta vez en las filas socialistas, de la que est\u00e1 acusado, entre otros, Koldo Garc\u00eda, exasesor del exministro socialista Jos\u00e9 Luis Abalos.<\/p>\n","protected":false},"excerpt":{"rendered":"<p>Este martes la presidenta asegur\u00f3 que detr\u00e1s de las acusaciones se encuentra el Gobierno de<\/p>\n","protected":false},"author":1,"featured_media":2750,"comment_status":"open","ping_status":"open","sticky":false,"template":"","format":"standard","meta":{"footnotes":""},"categories":[4],"tags":[],"class_list":["post-2749","post","type-post","status-publish","format-standard","has-post-thumbnail","hentry","category-mundiales"],"_links":{"self":[{"href":"https:\/\/samantharadionline.com\/index.php\/wp-json\/wp\/v2\/posts\/2749","targetHints":{"allow":["GET"]}}],"collection":[{"href":"https:\/\/samantharadionline.com\/index.php\/wp-json\/wp\/v2\/posts"}],"about":[{"href":"https:\/\/samantharadionline.com\/index.php\/wp-json\/wp\/v2\/types\/post"}],"author":[{"embeddable":true,"href":"https:\/\/samantharadionline.com\/index.php\/wp-json\/wp\/v2\/users\/1"}],"replies":[{"embeddable":true,"href":"https:\/\/samantharadionline.com\/index.php\/wp-json\/wp\/v2\/comments?post=2749"}],"version-history":[{"count":1,"href":"https:\/\/samantharadionline.com\/index.php\/wp-json\/wp\/v2\/posts\/2749\/revisions"}],"predecessor-version":[{"id":2751,"href":"https:\/\/samantharadionline.com\/index.php\/wp-json\/wp\/v2\/posts\/2749\/revisions\/2751"}],"wp:featuredmedia":[{"embeddable":true,"href":"https:\/\/samantharadionline.com\/index.php\/wp-json\/wp\/v2\/media\/2750"}],"wp:attachment":[{"href":"https:\/\/samantharadionline.com\/index.php\/wp-json\/wp\/v2\/media?parent=2749"}],"wp:term":[{"taxonomy":"category","embeddable":true,"href":"https:\/\/samantharadionline.com\/index.php\/wp-json\/wp\/v2\/categories?post=2749"},{"taxonomy":"post_tag","embeddable":true,"href":"https:\/\/samantharadionline.com\/index.php\/wp-json\/wp\/v2\/tags?post=2749"}],"curies":[{"name":"wp","href":"https:\/\/api.w.org\/{rel}","templated":true}]}}