{"id":2746,"date":"2024-03-13T17:15:43","date_gmt":"2024-03-13T16:15:43","guid":{"rendered":"https:\/\/samantharadionline.com\/?p=2746"},"modified":"2024-03-13T17:15:44","modified_gmt":"2024-03-13T16:15:44","slug":"jce-preparada-a-aprobar-candidaturas","status":"publish","type":"post","link":"https:\/\/samantharadionline.com\/index.php\/2024\/03\/13\/jce-preparada-a-aprobar-candidaturas\/","title":{"rendered":"JCE   preparada a aprobar candidaturas"},"content":{"rendered":"\n<p>Las entidades pol\u00edticas, a trav\u00e9s de sus dirigentes y delegados representantes, debieron depositar las candidaturas a ambos niveles de elecci\u00f3n el pasado 4 de marzo.<\/p>\n\n\n\n<p><img decoding=\"async\" width=\"60px\" height=\"60px\" src=\"https:\/\/listindiario.com\/files\/image_60_60\/uploads\/2023\/05\/16\/64637a1e3ff38.jpeg\" alt=\"Avatar del \u00c1ngel Valdez\"><em>\u00a0<\/em>\u00c1NGEL VALDEZ<\/p>\n\n\n\n<p><strong>Santo Domingo, RD.<\/strong><\/p>\n\n\n\n<p>Luego de la proclama electoral emitida el pasado 8 de marzo, la&nbsp;<strong>Junta Central Electoral<\/strong>&nbsp;(JCE) est\u00e1 a tan solo d\u00edas de publicar las candidaturas aprobadas que fueron presentadas por los partidos pol\u00edticos para los niveles&nbsp;<strong>congresuales&nbsp;<\/strong>y&nbsp;<strong>presidenciales&nbsp;<\/strong>de las<strong>&nbsp;pr\u00f3ximas elecciones<\/strong>&nbsp;del 19 de mayo.<\/p>\n\n\n\n<p>De acuerdo a los plazos dictados en la Ley del R\u00e9gimen Electoral 20-23, la&nbsp;<strong>JCE&nbsp;<\/strong>ten\u00eda hasta ayer, martes 12 de marzo, para evaluar las candidaturas inscritas por las organizaciones pol\u00edticas con miras a los comicios.<\/p>\n\n\n\n<p>\u201cLa JCE tendr\u00e1 la obligaci\u00f3n de reunirse dentro de los (5) d\u00edas que sigan a su presentaci\u00f3n y declarar su admisi\u00f3n o inadmisi\u00f3n, seg\u00fan compruebe que se ajusta a todas las disposiciones pertinentes de la Constituci\u00f3n y las leyes\u201d, indica la pieza legislativa.<\/p>\n\n\n\n<p>Las<strong>&nbsp;entidades pol\u00edticas<\/strong>, a trav\u00e9s de sus dirigentes y delegados representantes, debieron depositar las candidaturas a ambos niveles de elecci\u00f3n el pasado 4 de marzo.<\/p>\n\n\n\n<p>Sin embargo, el \u00f3rgano electoral efectu\u00f3 una reformulaci\u00f3n del cronograma, permitiendo a los partidos, a trav\u00e9s de&nbsp;<strong>una pr\u00f3rroga<\/strong>, formalizar las candidaturas hasta el pasado jueves, 7 marzo.<\/p>\n\n\n\n<p>Este mi\u00e9rcoles, la&nbsp;<strong>JCE&nbsp;<\/strong>emitir\u00e1 una comunicaci\u00f3n a las entidades pol\u00edticas para compartir la resoluci\u00f3n del proceso de depuraci\u00f3n realizado a las candidaturas presentadas.<\/p>\n\n\n\n<p>Ser\u00e1 ma\u00f1ana cuando el pleno de la entidad rectora publicar\u00e1 ante las<strong>&nbsp;juntas municipales&nbsp;<\/strong>y los partidos pol\u00edticos las aspiraciones que fueron aprobadas.<\/p>\n\n\n\n<h3 class=\"wp-block-heading\">PROCESO DE REVISI\u00d3N<\/h3>\n\n\n\n<p>En el caso de que alg\u00fan partido no est\u00e9 de acuerdo, tendr\u00e1 un plazo de tres d\u00edas para apelar ante el&nbsp;<strong>Tribunal Superior Electoral&nbsp;<\/strong>(TSE) la decisi\u00f3n de la JCE en torno a las candidaturas.<\/p>\n\n\n\n<p>De esta manera lo dicta la<strong>&nbsp;Ley 20-23<\/strong>&nbsp;en su art\u00edculo 152, que est\u00e1 denominado como: \u201cApelaci\u00f3n a las decisiones de las juntas electorales\u201d.<\/p>\n\n\n\n<p>La medida que acoja el TSE sobre las reclamaciones deben ser definidas cinco d\u00edas despu\u00e9s de recibido el expediente, espec\u00edficamente el 21 de marzo.<\/p>\n\n\n\n<h3 class=\"wp-block-heading\">PR\u00d3XIMOS PLAZOS<\/h3>\n\n\n\n<p>Los plazos legales de este mes para las los sufragios para elegir a quienes ocuparon los puestos del&nbsp;<strong>Poder Ejecutivo y Legislativo<\/strong>&nbsp;durante periodo 2024-2028 indican que la JCE entregar\u00e1 el pr\u00f3ximo mi\u00e9rcoles a las entidades pol\u00edticas la base de datos del Registro Electoral.<\/p>\n\n\n\n<p>Adem\u00e1s, se\u00f1ala al 20 de marzo como fecha tope para que&nbsp;<strong>se detengan las inauguraciones&nbsp;<\/strong>encabezadas por el gobierno central y las alcald\u00edas.<\/p>\n\n\n\n<p>El art\u00edculo 210 de la ley de \u201cproh\u00edbe\u201d a ambos niveles de funcionarios realizar actividades para habilitar nuevas obras o edificaciones.<\/p>\n\n\n\n<p>\u201cEst\u00e1 prohibido durante los cuarenta (40) d\u00edas anteriores a la fecha fijada para la celebraci\u00f3n de los comicios municipales y sesenta (60) d\u00edas anteriores a la fecha fijada para la celebraci\u00f3n de los comicios presidenciales y congresuales, la realizaci\u00f3n de actos inaugurales de obras p\u00fablicas por el Gobierno central y las alcald\u00edas\u201d, conforme a lo expresado en el p\u00e1rrafo VI.<\/p>\n\n\n\n<p>Asimismo,<strong>&nbsp;el art\u00edculo impide a las instituciones<\/strong>&nbsp;p\u00fablicas aut\u00f3nomas y descentralizadas desarrollar programas de apoyo social o comunitario extraordinario.<\/p>\n","protected":false},"excerpt":{"rendered":"<p>Las entidades pol\u00edticas, a trav\u00e9s de sus dirigentes y delegados representantes, debieron depositar las candidaturas<\/p>\n","protected":false},"author":1,"featured_media":2747,"comment_status":"open","ping_status":"open","sticky":false,"template":"","format":"standard","meta":{"footnotes":""},"categories":[12],"tags":[],"class_list":["post-2746","post","type-post","status-publish","format-standard","has-post-thumbnail","hentry","category-nacionales"],"_links":{"self":[{"href":"https:\/\/samantharadionline.com\/index.php\/wp-json\/wp\/v2\/posts\/2746","targetHints":{"allow":["GET"]}}],"collection":[{"href":"https:\/\/samantharadionline.com\/index.php\/wp-json\/wp\/v2\/posts"}],"about":[{"href":"https:\/\/samantharadionline.com\/index.php\/wp-json\/wp\/v2\/types\/post"}],"author":[{"embeddable":true,"href":"https:\/\/samantharadionline.com\/index.php\/wp-json\/wp\/v2\/users\/1"}],"replies":[{"embeddable":true,"href":"https:\/\/samantharadionline.com\/index.php\/wp-json\/wp\/v2\/comments?post=2746"}],"version-history":[{"count":1,"href":"https:\/\/samantharadionline.com\/index.php\/wp-json\/wp\/v2\/posts\/2746\/revisions"}],"predecessor-version":[{"id":2748,"href":"https:\/\/samantharadionline.com\/index.php\/wp-json\/wp\/v2\/posts\/2746\/revisions\/2748"}],"wp:featuredmedia":[{"embeddable":true,"href":"https:\/\/samantharadionline.com\/index.php\/wp-json\/wp\/v2\/media\/2747"}],"wp:attachment":[{"href":"https:\/\/samantharadionline.com\/index.php\/wp-json\/wp\/v2\/media?parent=2746"}],"wp:term":[{"taxonomy":"category","embeddable":true,"href":"https:\/\/samantharadionline.com\/index.php\/wp-json\/wp\/v2\/categories?post=2746"},{"taxonomy":"post_tag","embeddable":true,"href":"https:\/\/samantharadionline.com\/index.php\/wp-json\/wp\/v2\/tags?post=2746"}],"curies":[{"name":"wp","href":"https:\/\/api.w.org\/{rel}","templated":true}]}}