{"id":2698,"date":"2024-03-12T21:48:34","date_gmt":"2024-03-12T20:48:34","guid":{"rendered":"https:\/\/samantharadionline.com\/?p=2698"},"modified":"2024-03-12T21:48:35","modified_gmt":"2024-03-12T20:48:35","slug":"ahora-caid-pertenece-al-ministerio-de-educacion","status":"publish","type":"post","link":"https:\/\/samantharadionline.com\/index.php\/2024\/03\/12\/ahora-caid-pertenece-al-ministerio-de-educacion\/","title":{"rendered":"Ahora CAID pertenece al Ministerio de Educaci\u00f3n"},"content":{"rendered":"\n<p>El Ministerio de Educaci\u00f3n garantizar\u00e1 la asignaci\u00f3n presupuestaria que permita al CAID cumplir sus objetivos, metas y programas y asumir\u00e1 sus pasivos laborales, las obligaciones de pago de la n\u00f3mina de empleados y cualquier otra obligaci\u00f3n que surja como producto de la transferencia<\/p>\n\n\n\n<p><strong>Santo Domingo, RD\u00a0<\/strong><\/p>\n\n\n\n<p>El Centro de Atenci\u00f3n Integral para la Discapacidad (CAID)&nbsp;<strong>fue transferido al Ministerio de Educaci\u00f3n&nbsp;<\/strong>de la Rep\u00fablica (Minerd), con el prop\u00f3sito de satisfacer la demanda de las familias de eliminar las barreras que impiden la inserci\u00f3n social y escolar de sus hijos con discapacidad.<\/p>\n\n\n\n<p>Mediante el&nbsp;<strong>decreto n\u00famero 456-23<\/strong>, se orden\u00f3 la transferencia al Minerd, por lo que el CAID deber\u00e1 en lo adelante coordinar con el Ministerio de Salud P\u00fablica los aspectos t\u00e9cnicos y administrativos para la ejecuci\u00f3n de la Ley de Atenci\u00f3n, inclusi\u00f3n y protecci\u00f3n para las personas con trastornos del espectro autista, promulgada en junio del a\u00f1o 2023.<\/p>\n\n\n\n<p>El presidente del consejo directivo, el padre Jorge William Hern\u00e1ndez, asegur\u00f3 que con este paso la&nbsp;<strong>instituci\u00f3n recupera la integralidad de los servicios psicoeducativos y terap\u00e9uticos<\/strong>, agiliza la puesta en marcha del nuevo modelo de atenci\u00f3n y servicios y garantiza la continuidad del Plan Nacional de Unidades de Intervenci\u00f3n Terap\u00e9utica Territoriales (UITT).<\/p>\n\n\n\n<p>El CAID no ten\u00eda entre sus responsabilidades ocuparse de la inclusi\u00f3n en el sistema escolar de la poblaci\u00f3n usuaria de sus servicios, lo que restring\u00eda su \u00e1mbito de intervenci\u00f3n al desarrollo de habilidades que acercaran a las ni\u00f1as y ni\u00f1os a su m\u00e1xima funcionalidad.<\/p>\n\n\n\n<p>Tambi\u00e9n se consigna que el Ministerio de Educaci\u00f3n garantizar\u00e1 la asignaci\u00f3n presupuestaria que permita al CAID cumplir sus objetivos, metas y programas y asumir\u00e1 sus pasivos laborales, las obligaciones de pago de la n\u00f3mina de empleados y cualquier otra obligaci\u00f3n que surja como producto de la transferencia.<\/p>\n","protected":false},"excerpt":{"rendered":"<p>El Ministerio de Educaci\u00f3n garantizar\u00e1 la asignaci\u00f3n presupuestaria que permita al CAID cumplir sus objetivos,<\/p>\n","protected":false},"author":1,"featured_media":2699,"comment_status":"open","ping_status":"open","sticky":false,"template":"","format":"standard","meta":{"footnotes":""},"categories":[12],"tags":[],"class_list":["post-2698","post","type-post","status-publish","format-standard","has-post-thumbnail","hentry","category-nacionales"],"_links":{"self":[{"href":"https:\/\/samantharadionline.com\/index.php\/wp-json\/wp\/v2\/posts\/2698","targetHints":{"allow":["GET"]}}],"collection":[{"href":"https:\/\/samantharadionline.com\/index.php\/wp-json\/wp\/v2\/posts"}],"about":[{"href":"https:\/\/samantharadionline.com\/index.php\/wp-json\/wp\/v2\/types\/post"}],"author":[{"embeddable":true,"href":"https:\/\/samantharadionline.com\/index.php\/wp-json\/wp\/v2\/users\/1"}],"replies":[{"embeddable":true,"href":"https:\/\/samantharadionline.com\/index.php\/wp-json\/wp\/v2\/comments?post=2698"}],"version-history":[{"count":1,"href":"https:\/\/samantharadionline.com\/index.php\/wp-json\/wp\/v2\/posts\/2698\/revisions"}],"predecessor-version":[{"id":2700,"href":"https:\/\/samantharadionline.com\/index.php\/wp-json\/wp\/v2\/posts\/2698\/revisions\/2700"}],"wp:featuredmedia":[{"embeddable":true,"href":"https:\/\/samantharadionline.com\/index.php\/wp-json\/wp\/v2\/media\/2699"}],"wp:attachment":[{"href":"https:\/\/samantharadionline.com\/index.php\/wp-json\/wp\/v2\/media?parent=2698"}],"wp:term":[{"taxonomy":"category","embeddable":true,"href":"https:\/\/samantharadionline.com\/index.php\/wp-json\/wp\/v2\/categories?post=2698"},{"taxonomy":"post_tag","embeddable":true,"href":"https:\/\/samantharadionline.com\/index.php\/wp-json\/wp\/v2\/tags?post=2698"}],"curies":[{"name":"wp","href":"https:\/\/api.w.org\/{rel}","templated":true}]}}