{"id":2681,"date":"2024-03-12T20:12:00","date_gmt":"2024-03-12T19:12:00","guid":{"rendered":"https:\/\/samantharadionline.com\/?p=2681"},"modified":"2024-03-12T20:12:01","modified_gmt":"2024-03-12T19:12:01","slug":"el-alta-medica-a-wilfrido-vargas","status":"publish","type":"post","link":"https:\/\/samantharadionline.com\/index.php\/2024\/03\/12\/el-alta-medica-a-wilfrido-vargas\/","title":{"rendered":"El alta m\u00e9dica a Wilfrido Vargas"},"content":{"rendered":"\n<p>El veterano merenguero fue hospitalizado de emergencia hace siete d\u00edas en la unidad de cuidados intensivo por un cuadro de neumon\u00eda e influenza tipo A<\/p>\n\n\n\n<p><strong>Santo Domingo, RD<\/strong><\/p>\n\n\n\n<p>El m\u00fasico y director de orquesta Wilfrido Vargas recibi\u00f3 el alta m\u00e9dica la ma\u00f1ana de este martes, tras permanecer varios d\u00edas interno en una cl\u00ednica de la capital dominicana.<\/p>\n\n\n\n<p>El veterano merenguero fue hospitalizado de emergencia hace siete d\u00edas en la unidad de cuidados intensivo por un cuadro de neumon\u00eda e influenza tipo A.<\/p>\n\n\n\n<p>Vargas ha evolucionado satisfactoriamente por lo que los m\u00e9dicos que lo atendieron recomendaron continuar la recuperaci\u00f3n desde su hogar, se indic\u00f3 en un comunicado enviado por sus representantes.<\/p>\n\n\n\n<p>\u00abAgradezco la solidaridad de tantas personas que estuvieron pendientes de mi salud, en todo el mundo, as\u00ed como tambi\u00e9n a los especialistas que se mantuvieron a mi lado todo el tiempo. Es una atenci\u00f3n que valoro en toda su dimensi\u00f3n\u00bb, explic\u00f3 Vargas.<\/p>\n\n\n\n<p>El m\u00fasico inform\u00f3 que pronto se reintegrar\u00e1 a sus actividades habituales.<\/p>\n\n\n\n<p>El pasado 4 de marzo, el premiado merenguero regres\u00f3 a la Rep\u00fablica Dominicana tras cumplir compromisos art\u00edsticos en Puerto Rico, y fue precisamente durante el viaje que present\u00f3 s\u00edntomas de gripe.<\/p>\n\n\n\n<p>Wilfrido Vargas ha hilvanado grandes \u00e9xitos a trav\u00e9s de su dilatada carrera en el merengue, ritmo que ha contribuido a internacionalizar.<\/p>\n\n\n\n<p>&#8216;El africano&#8217;, &#8216;El baile del perrito&#8217;, &#8216;El jardinero&#8217;, &#8216;El hombre divertido&#8217; o &#8216;Volver\u00e9&#8217; son algunos de los temas m\u00e1s populares interpretados por la orquesta de Vargas, quien inici\u00f3 su carrera a principios de los a\u00f1os 70 del siglo pasado.<\/p>\n","protected":false},"excerpt":{"rendered":"<p>El veterano merenguero fue hospitalizado de emergencia hace siete d\u00edas en la unidad de cuidados<\/p>\n","protected":false},"author":1,"featured_media":2682,"comment_status":"open","ping_status":"open","sticky":false,"template":"","format":"standard","meta":{"footnotes":""},"categories":[11],"tags":[],"class_list":["post-2681","post","type-post","status-publish","format-standard","has-post-thumbnail","hentry","category-entretenimiento"],"_links":{"self":[{"href":"https:\/\/samantharadionline.com\/index.php\/wp-json\/wp\/v2\/posts\/2681","targetHints":{"allow":["GET"]}}],"collection":[{"href":"https:\/\/samantharadionline.com\/index.php\/wp-json\/wp\/v2\/posts"}],"about":[{"href":"https:\/\/samantharadionline.com\/index.php\/wp-json\/wp\/v2\/types\/post"}],"author":[{"embeddable":true,"href":"https:\/\/samantharadionline.com\/index.php\/wp-json\/wp\/v2\/users\/1"}],"replies":[{"embeddable":true,"href":"https:\/\/samantharadionline.com\/index.php\/wp-json\/wp\/v2\/comments?post=2681"}],"version-history":[{"count":1,"href":"https:\/\/samantharadionline.com\/index.php\/wp-json\/wp\/v2\/posts\/2681\/revisions"}],"predecessor-version":[{"id":2683,"href":"https:\/\/samantharadionline.com\/index.php\/wp-json\/wp\/v2\/posts\/2681\/revisions\/2683"}],"wp:featuredmedia":[{"embeddable":true,"href":"https:\/\/samantharadionline.com\/index.php\/wp-json\/wp\/v2\/media\/2682"}],"wp:attachment":[{"href":"https:\/\/samantharadionline.com\/index.php\/wp-json\/wp\/v2\/media?parent=2681"}],"wp:term":[{"taxonomy":"category","embeddable":true,"href":"https:\/\/samantharadionline.com\/index.php\/wp-json\/wp\/v2\/categories?post=2681"},{"taxonomy":"post_tag","embeddable":true,"href":"https:\/\/samantharadionline.com\/index.php\/wp-json\/wp\/v2\/tags?post=2681"}],"curies":[{"name":"wp","href":"https:\/\/api.w.org\/{rel}","templated":true}]}}