{"id":2659,"date":"2024-03-12T14:10:37","date_gmt":"2024-03-12T13:10:37","guid":{"rendered":"https:\/\/samantharadionline.com\/?p=2659"},"modified":"2024-03-12T14:10:38","modified_gmt":"2024-03-12T13:10:38","slug":"trump-pide-aplazar-su-juicio-en-nueva-york","status":"publish","type":"post","link":"https:\/\/samantharadionline.com\/index.php\/2024\/03\/12\/trump-pide-aplazar-su-juicio-en-nueva-york\/","title":{"rendered":"Trump pide aplazar su juicio en Nueva York"},"content":{"rendered":"\n<p>Por lo menos hasta que la Corte Suprema de Justicia, dominada por los republicanos, se pronuncie sobre su reclamaci\u00f3n de inmunidad.<\/p>\n\n\n\n<p>AGENCIA AFP<\/p>\n\n\n\n<p><strong>Nueva York, EE.UU.<\/strong><\/p>\n\n\n\n<p>El exmandatario estadounidense Donald Trump pidi\u00f3 ayer lunes a la justicia de Nueva York que aplace al menos un mes su juicio penal por el caso del pago a una exactriz porno, hasta que la Corte Suprema se pronuncie sobre su reclamaci\u00f3n de inmunidad presidencial.<\/p>\n\n\n\n<p>Trump, de 77 a\u00f1os y candidato republicano a la presidencia, tiene otra cita para volver al banquillo de la justicia en Manhattan el 25 de marzo por falsificar la contabilidad de su imperio inmobiliario Trump Organization, con el fin de encubrir el pago de 130,000 d\u00f3lares a la exestrella de la pornograf\u00eda Stormy Daniels para comprar su silencio en v\u00edsperas de las elecciones de 2016.<\/p>\n\n\n\n<p>El magnate niega cualquier relaci\u00f3n sexual extramatrimonial con la actriz, cuyo nombre real es Stephanie Clifford.<\/p>\n\n\n\n<p>El fiscal de Nueva York Alvin Bragg lo acusa de 34 cargos de fraude contable que pueden ser castigados con hasta cuatro a\u00f1os de c\u00e1rcel si es declarado culpable.<\/p>\n\n\n\n<p>Los abogados del magnate invocan el argumento de que goza de inmunidad penal por ser exmandatario del pa\u00eds, lo que ser\u00e1 debatido por la Corte Suprema federal en Washington a partir del 25 de abril.<\/p>\n\n\n\n<p>Seg\u00fan un documento judicial fechado el 7 de marzo y hecho p\u00fablico ayer lunes por la Corte Suprema del estado de Nueva York, la defensa asegura que ese \u201ctribunal deber\u00eda aplazar el juicio a la espera de que la Corte Suprema (federal) revise el alcance de la doctrina de la inmunidad presidencial\u201d.<\/p>\n\n\n\n<p><strong>25 de abril<\/strong><\/p>\n\n\n\n<p>El pasado 6 de marzo, el m\u00e1ximo tribunal estadounidense fij\u00f3 el 25 de abril para que sus nueve magistrados debatan sobre la inmunidad que reclama Trump en su calidad de exmandatario (2017-2021), ocho meses antes de las elecciones presidenciales.<\/p>\n\n\n\n<p>Asimismo, en otro caso por difamaci\u00f3n que el magnate perdi\u00f3 recientemente contra la escritora E. Jean Carroll, por el que fue condenado a pagarle 83 millones de d\u00f3lares, su abogada Roberta Kaplan anunci\u00f3 ayer lunes la posibilidad de presentar una tercera querella tambi\u00e9n por difamaci\u00f3n.<\/p>\n\n\n\n<p>\u201cEl plazo de prescripci\u00f3n por difamaci\u00f3n en la mayor\u00eda de las jurisdicciones es de entre uno y tres a\u00f1os. Como dijimos tras el \u00faltimo veredicto del jurado, seguimos vigilando cada declaraci\u00f3n que Donald Trump hace sobre nuestra cliente, E. Jean Carroll\u201d, dijo la abogada en una declaraci\u00f3n enviada a la AFP.<\/p>\n\n\n\n<p>El magnate hab\u00eda depositado en el juzgado la semana pasada 91,6 millones de d\u00f3lares, la condena m\u00e1s los intereses, para poder apelar el fallo. El magnate ya hab\u00eda sido condenado a pagar a la escritora 5 millones de d\u00f3lares por otro caso de difamaci\u00f3n.<\/p>\n\n\n\n<p>El candidato, sobre el que pesan cuatro procesos penales, entre ellos el de los presuntos intentos de revertir el resultado de las urnas en 2020, busca a trav\u00e9s de diversos recursos que sus juicios se celebren lo m\u00e1s tarde posible, si es posible despu\u00e9s de los comicios del 5 de noviembre.<\/p>\n\n\n\n<p><strong>Recorte de impuestos<\/strong><\/p>\n\n\n\n<p>En tanto, el expresidente Trump dijo ayer lunes en CNBC que quiere imponer aranceles de 10% a las importaciones a Estados Unidos, una medida cuyo impacto en las familias podr\u00eda alivianarse mediante recorte de impuestos.<\/p>\n\n\n\n<p>\u201cLos impuestos pueden bajarse\u201d, sostuvo Trump cuando le preguntaron sobre el potencial impacto negativo de un aumento del costo de los productos importados en los hogares estadounidenses.<\/p>\n\n\n\n<p>Muchos economistas temen que un alza de los aranceles aduaneros podr\u00eda perturbar el comercio internacional, adem\u00e1s de abultar el presupuesto de las familias estadounidenses, que compran productos importados.<\/p>\n\n\n\n<p>Los expertos consideran que nuevos impuestos de aduana podr\u00edan hacer subir los precios, ahora que la inflaci\u00f3n en Estados Unidos se acerca al 2%, que es el objetivo de la Reserva Federal (Fed, banco central).<\/p>\n\n\n\n<p>\u201cSoy un gran creyente en los aranceles por dos razones. Primero por su eficiencia econ\u00f3mica, cuando otros pa\u00edses quieren aprovecharse de nosotros. (&#8230;) Pero m\u00e1s all\u00e1 del aspecto econ\u00f3mico, dan el poder de negociar con otras naciones\u201d, explic\u00f3 el exmandatario.<\/p>\n\n\n\n<p>En su mandato anterior, entre 2017 y 2021, Trump aument\u00f3 los impuestos aduaneros en bienes, incluyendo el acero y el aluminio, lo cual le gener\u00f3 choques tanto con su rival China como con la Uni\u00f3n Europea, un bloque que es un aliado cercano de Washington.<\/p>\n\n\n\n<p>Estados Unidos y China sostuvieron una \u201cguerra comercial\u201d con aranceles de uno y otro lado del tablero durante la era Trump.<\/p>\n\n\n\n<p>China luego negoci\u00f3 un acuerdo que permiti\u00f3 mayores importaciones de productos estadounidenses, como forma de reducir, ligeramente, el d\u00e9ficit comercial de Estados Unidos con China.<\/p>\n\n\n\n<p><strong>Viktor Orban<\/strong><\/p>\n\n\n\n<p>El primer ministro h\u00fangaro, Viktor Orban, afirm\u00f3 que Donald Trump le asegur\u00f3 durante una reuni\u00f3n en Estados Unidos que \u201cno dar\u00e1 ni un centavo\u201d a Ucrania, una declaraci\u00f3n que el equipo del expresidente no coment\u00f3 ayer lunes. Orban, el \u00fanico dirigente de la Uni\u00f3n Europea que mantuvo estrechos v\u00ednculos con el Kremlin pese a la invasi\u00f3n rusa de Ucrania, se reuni\u00f3 el viernes con el candidato.<\/p>\n\n\n\n<p><\/p>\n","protected":false},"excerpt":{"rendered":"<p>Por lo menos hasta que la Corte Suprema de Justicia, dominada por los republicanos, se<\/p>\n","protected":false},"author":1,"featured_media":2660,"comment_status":"open","ping_status":"open","sticky":false,"template":"","format":"standard","meta":{"footnotes":""},"categories":[4],"tags":[],"class_list":["post-2659","post","type-post","status-publish","format-standard","has-post-thumbnail","hentry","category-mundiales"],"_links":{"self":[{"href":"https:\/\/samantharadionline.com\/index.php\/wp-json\/wp\/v2\/posts\/2659","targetHints":{"allow":["GET"]}}],"collection":[{"href":"https:\/\/samantharadionline.com\/index.php\/wp-json\/wp\/v2\/posts"}],"about":[{"href":"https:\/\/samantharadionline.com\/index.php\/wp-json\/wp\/v2\/types\/post"}],"author":[{"embeddable":true,"href":"https:\/\/samantharadionline.com\/index.php\/wp-json\/wp\/v2\/users\/1"}],"replies":[{"embeddable":true,"href":"https:\/\/samantharadionline.com\/index.php\/wp-json\/wp\/v2\/comments?post=2659"}],"version-history":[{"count":1,"href":"https:\/\/samantharadionline.com\/index.php\/wp-json\/wp\/v2\/posts\/2659\/revisions"}],"predecessor-version":[{"id":2661,"href":"https:\/\/samantharadionline.com\/index.php\/wp-json\/wp\/v2\/posts\/2659\/revisions\/2661"}],"wp:featuredmedia":[{"embeddable":true,"href":"https:\/\/samantharadionline.com\/index.php\/wp-json\/wp\/v2\/media\/2660"}],"wp:attachment":[{"href":"https:\/\/samantharadionline.com\/index.php\/wp-json\/wp\/v2\/media?parent=2659"}],"wp:term":[{"taxonomy":"category","embeddable":true,"href":"https:\/\/samantharadionline.com\/index.php\/wp-json\/wp\/v2\/categories?post=2659"},{"taxonomy":"post_tag","embeddable":true,"href":"https:\/\/samantharadionline.com\/index.php\/wp-json\/wp\/v2\/tags?post=2659"}],"curies":[{"name":"wp","href":"https:\/\/api.w.org\/{rel}","templated":true}]}}