{"id":25922,"date":"2026-05-03T10:02:29","date_gmt":"2026-05-03T14:02:29","guid":{"rendered":"https:\/\/samantharadionline.com\/?p=25922"},"modified":"2026-05-03T10:02:31","modified_gmt":"2026-05-03T14:02:31","slug":"calor-y-escasas-precipitaciones-para-este-domingo","status":"publish","type":"post","link":"https:\/\/samantharadionline.com\/index.php\/2026\/05\/03\/calor-y-escasas-precipitaciones-para-este-domingo\/","title":{"rendered":"Calor  y escasas precipitaciones para este domingo"},"content":{"rendered":"\n<h2 class=\"wp-block-heading has-medium-font-size\"><em><strong>Seg\u00fan la instituci\u00f3n, la situaci\u00f3n se debe a la incidencia de un sistema anticicl\u00f3nico que se mantiene sobre el territorio nacional<\/strong><\/em><\/h2>\n\n\n\n<p><strong>Santo Domingo, RD\u00a0<\/strong><\/p>\n\n\n\n<p id=\"m7602-7601-7603\">El&nbsp;<strong>Instituto Dominicano de Meteorolog\u00eda<\/strong>&nbsp;(Indomet) inform\u00f3 que para este domingo permanecer\u00e1 un cielo soleado y poco nuboso en distintas provincias del pa\u00eds.<\/p>\n\n\n\n<p id=\"m7607-7606-7608\">Seg\u00fan la instituci\u00f3n, la situaci\u00f3n se debe a la incidencia de un&nbsp;<strong>sistema anticicl\u00f3nico&nbsp;<\/strong>que se mantiene sobre el territorio nacional.<\/p>\n\n\n\n<p id=\"m7612-7611-7613\">Sin embargo, la organizaci\u00f3n revel\u00f3 que en las primeras horas de la noche se producir\u00e1n algunos&nbsp;<strong>aumentos nubosos con chubascos locales<\/strong>&nbsp;y tronadas. Se espera que La Vega, Azua, San Juan, El\u00edas Pi\u00f1a, Santiago Rodr\u00edguez, Dajab\u00f3n, Valverde y otras zonas cercanas sean las localidades afectadas.<\/p>\n\n\n\n<h3 class=\"wp-block-heading\">Temperatura y sensaci\u00f3n t\u00e9rmica<\/h3>\n\n\n\n<p id=\"m7617-7616-7618\">Conforme a Indomet, la sensaci\u00f3n t\u00e9rmica calurosa, se debe a la&nbsp;<strong>\u00e9poca del a\u00f1o<\/strong>&nbsp;y al viento&nbsp;<strong>c\u00e1lido del Sureste<\/strong>, por este motivo, recomend\u00f3 a la poblaci\u00f3n ingerir suficientes l\u00edquidos vestir ropas ligeras y no exponerse directamente a la radiaci\u00f3n solar.<\/p>\n\n\n\n<p id=\"m7622-7621-7623\">De igual forma, en el Gran Santo Domingo&nbsp;las temperaturas oscilar\u00e1n entre&nbsp;<strong>22 \u00b0C y 23 \u00b0C<\/strong>, y m\u00e1ximas entre&nbsp;<strong>29 \u00b0C y 31 \u00b0C<\/strong>.<\/p>\n","protected":false},"excerpt":{"rendered":"<p>Seg\u00fan la instituci\u00f3n, la situaci\u00f3n se debe a la incidencia de un sistema anticicl\u00f3nico que<\/p>\n","protected":false},"author":1,"featured_media":25923,"comment_status":"open","ping_status":"open","sticky":false,"template":"","format":"standard","meta":{"footnotes":""},"categories":[12],"tags":[],"class_list":["post-25922","post","type-post","status-publish","format-standard","has-post-thumbnail","hentry","category-nacionales"],"_links":{"self":[{"href":"https:\/\/samantharadionline.com\/index.php\/wp-json\/wp\/v2\/posts\/25922","targetHints":{"allow":["GET"]}}],"collection":[{"href":"https:\/\/samantharadionline.com\/index.php\/wp-json\/wp\/v2\/posts"}],"about":[{"href":"https:\/\/samantharadionline.com\/index.php\/wp-json\/wp\/v2\/types\/post"}],"author":[{"embeddable":true,"href":"https:\/\/samantharadionline.com\/index.php\/wp-json\/wp\/v2\/users\/1"}],"replies":[{"embeddable":true,"href":"https:\/\/samantharadionline.com\/index.php\/wp-json\/wp\/v2\/comments?post=25922"}],"version-history":[{"count":1,"href":"https:\/\/samantharadionline.com\/index.php\/wp-json\/wp\/v2\/posts\/25922\/revisions"}],"predecessor-version":[{"id":25924,"href":"https:\/\/samantharadionline.com\/index.php\/wp-json\/wp\/v2\/posts\/25922\/revisions\/25924"}],"wp:featuredmedia":[{"embeddable":true,"href":"https:\/\/samantharadionline.com\/index.php\/wp-json\/wp\/v2\/media\/25923"}],"wp:attachment":[{"href":"https:\/\/samantharadionline.com\/index.php\/wp-json\/wp\/v2\/media?parent=25922"}],"wp:term":[{"taxonomy":"category","embeddable":true,"href":"https:\/\/samantharadionline.com\/index.php\/wp-json\/wp\/v2\/categories?post=25922"},{"taxonomy":"post_tag","embeddable":true,"href":"https:\/\/samantharadionline.com\/index.php\/wp-json\/wp\/v2\/tags?post=25922"}],"curies":[{"name":"wp","href":"https:\/\/api.w.org\/{rel}","templated":true}]}}