{"id":25919,"date":"2026-05-03T09:59:41","date_gmt":"2026-05-03T13:59:41","guid":{"rendered":"https:\/\/samantharadionline.com\/?p=25919"},"modified":"2026-05-03T09:59:42","modified_gmt":"2026-05-03T13:59:42","slug":"hoy-domingo-se-marcha-en-san-juan-en-contra-de-la-explotacion-minera","status":"publish","type":"post","link":"https:\/\/samantharadionline.com\/index.php\/2026\/05\/03\/hoy-domingo-se-marcha-en-san-juan-en-contra-de-la-explotacion-minera\/","title":{"rendered":"Hoy domingo se marcha en San Juan en contra de la explotaci\u00f3n minera"},"content":{"rendered":"\n<h2 class=\"wp-block-heading has-medium-font-size\"><strong><em>Seg\u00fan los organizadores, la manifestaci\u00f3n saldr\u00e1 desde el Arco de Entrada de las Maguanas a las 2:00 de la tarde, pasando por el parqueo en el play de Sabaneta hasta llegar al muro de la presa<\/em><\/strong><\/h2>\n\n\n\n<figure class=\"wp-block-image\"><img decoding=\"async\" src=\"https:\/\/listindiario.com\/files\/image_60_60\/uploads\/2025\/01\/25\/67959c045be4c.jpeg\" alt=\"Avatar del Lizbeth Chalas\"\/><\/figure>\n\n\n\n<p><strong><em>\u00a0<\/em>Lizbeth Chalas, Santo Domingo, RD<\/strong><\/p>\n\n\n\n<p id=\"m115042-115041-115043\">e dispondr\u00e1n de dos autobuses gratis en Santo Domingo para las personas que deseen trasladarse a apoyar la marcha.&nbsp;<\/p>\n\n\n\n<p id=\"m115047-115046-115048\">El primer autob\u00fas estar\u00e1 ubicado en la avenida 27 de Febrero esquina M\u00e1ximo G\u00f3mez, en la estaci\u00f3n del Metro Juan Bosch, a las 7:00 de la ma\u00f1ana.&nbsp;<\/p>\n\n\n\n<p id=\"m115062-115061-115063\">Otras marchas y manifestaciones han tenido lugar estos \u00faltimos d\u00edas en la provincia que se ubica al suroeste del pa\u00eds en oposici\u00f3n a que se realicen actividades mineras exactamente donde est\u00e1 la mayor producci\u00f3n de agua de la cordillera Central que alimenta la zona norte y sur.<\/p>\n\n\n\n<p id=\"m115067-115066-115068\">D\u00edas atr\u00e1s, el presidente Luis Abinader se pronunci\u00f3 sobre el proyecto minero tras ser consultado sobre el tema por el diputado por San Juan, Frank Ram\u00edrez, respondiendo: \u201cNo puedo opinar porque todav\u00eda no tengo ninguna documentaci\u00f3n, ning\u00fan estudio que diga si es factible o no es factible\u201d.<\/p>\n\n\n\n<p id=\"m115072-115071-115073\">Luego, el&nbsp;<strong>ministro de Medio Ambiente y Recursos Naturales<\/strong>,&nbsp;<strong>Pa\u00edno Henr\u00edquez<\/strong>, dijo que el proyecto minero de la empresa&nbsp;<strong>GoldQuest<\/strong>, no cuenta con autorizaci\u00f3n de explotaci\u00f3n y pasa por una evaluaci\u00f3n ambiental, para determinar si es viable cient\u00edficamente y cumple con est\u00e1ndares nacionales e internacionales.<\/p>\n\n\n\n<p id=\"m115077-115076-115078\">El senador por la provincia,&nbsp;<strong>F\u00e9lix Bautista<\/strong>, se\u00f1al\u00f3 que del afluente se alimentan las presas de Sabaneta, Palomino, Sabana Yegua y Monte Grande, adem\u00e1s dijo que esas aguas se utilizan para la producci\u00f3n agr\u00edcola, la generaci\u00f3n de energ\u00eda y el consumo humano y los residuos ser\u00edan vertidos en sus embalses.<\/p>\n\n\n\n<p id=\"m115082-115081-115083\">Contrario a esto, el legislador consider\u00f3 que la provincia debe convertirse en un distrito energ\u00e9tico, que produzca energ\u00eda limpia y de agua.<\/p>\n\n\n\n<p id=\"m115087-115086-115088\">La Comisi\u00f3n Nacional de Pastoral de Ecolog\u00eda y Medio Ambiente de la Confederaci\u00f3n del Episcopado Dominicano (CED) tambi\u00e9n se pronunci\u00f3 a trav\u00e9s de un comunicado demandando proteger el \u00e1rea ecol\u00f3gica de actividades mineras.<\/p>\n\n\n\n<p id=\"m115092-115091-115093\">Diferentes sectores tambi\u00e9n mostraron su apoyo a las comunidades que se mantienen en la defensa de la preservaci\u00f3n de las cordilleras Central y Septentrional.<\/p>\n","protected":false},"excerpt":{"rendered":"<p>Seg\u00fan los organizadores, la manifestaci\u00f3n saldr\u00e1 desde el Arco de Entrada de las Maguanas a<\/p>\n","protected":false},"author":1,"featured_media":25920,"comment_status":"open","ping_status":"open","sticky":false,"template":"","format":"standard","meta":{"footnotes":""},"categories":[12],"tags":[],"class_list":["post-25919","post","type-post","status-publish","format-standard","has-post-thumbnail","hentry","category-nacionales"],"_links":{"self":[{"href":"https:\/\/samantharadionline.com\/index.php\/wp-json\/wp\/v2\/posts\/25919","targetHints":{"allow":["GET"]}}],"collection":[{"href":"https:\/\/samantharadionline.com\/index.php\/wp-json\/wp\/v2\/posts"}],"about":[{"href":"https:\/\/samantharadionline.com\/index.php\/wp-json\/wp\/v2\/types\/post"}],"author":[{"embeddable":true,"href":"https:\/\/samantharadionline.com\/index.php\/wp-json\/wp\/v2\/users\/1"}],"replies":[{"embeddable":true,"href":"https:\/\/samantharadionline.com\/index.php\/wp-json\/wp\/v2\/comments?post=25919"}],"version-history":[{"count":1,"href":"https:\/\/samantharadionline.com\/index.php\/wp-json\/wp\/v2\/posts\/25919\/revisions"}],"predecessor-version":[{"id":25921,"href":"https:\/\/samantharadionline.com\/index.php\/wp-json\/wp\/v2\/posts\/25919\/revisions\/25921"}],"wp:featuredmedia":[{"embeddable":true,"href":"https:\/\/samantharadionline.com\/index.php\/wp-json\/wp\/v2\/media\/25920"}],"wp:attachment":[{"href":"https:\/\/samantharadionline.com\/index.php\/wp-json\/wp\/v2\/media?parent=25919"}],"wp:term":[{"taxonomy":"category","embeddable":true,"href":"https:\/\/samantharadionline.com\/index.php\/wp-json\/wp\/v2\/categories?post=25919"},{"taxonomy":"post_tag","embeddable":true,"href":"https:\/\/samantharadionline.com\/index.php\/wp-json\/wp\/v2\/tags?post=25919"}],"curies":[{"name":"wp","href":"https:\/\/api.w.org\/{rel}","templated":true}]}}