{"id":25916,"date":"2026-05-03T09:56:52","date_gmt":"2026-05-03T13:56:52","guid":{"rendered":"https:\/\/samantharadionline.com\/?p=25916"},"modified":"2026-05-03T09:56:52","modified_gmt":"2026-05-03T13:56:52","slug":"cuba-se-niega-a-negociar-reformas-politicas-y-economicas-con-ee-uu","status":"publish","type":"post","link":"https:\/\/samantharadionline.com\/index.php\/2026\/05\/03\/cuba-se-niega-a-negociar-reformas-politicas-y-economicas-con-ee-uu\/","title":{"rendered":"Cuba se niega a negociar reformas pol\u00edticas y econ\u00f3micas con EE.UU."},"content":{"rendered":"\n<h2 class=\"wp-block-heading has-medium-font-size\"><em><strong>Lo recalc\u00f3 el canciller, Bruno Rodr\u00edguez, en un encuentro internacional con m\u00e1s de 700 sindicalistas<\/strong><\/em><\/h2>\n\n\n\n<figure class=\"wp-block-image\"><img decoding=\"async\" src=\"https:\/\/listindiario.com\/files\/image_60_60\/uploads\/2023\/05\/23\/646cd02f4f53e.jpeg\" alt=\"Avatar del Agencia EFE\"\/><\/figure>\n\n\n\n<p><strong><em>\u00a0<\/em>Agencia EFE, Habana, Cuba<\/strong><\/p>\n\n\n\n<p id=\"m92318-92317-92319\">El Gobierno de Cuba reiter\u00f3 este s\u00e1bado su negativa a negociar con EE.UU. posibles reformas pol\u00edticas o econ\u00f3micas en la isla, a pesar de la creciente presi\u00f3n de Washington, que esgrime la baza militar.<\/p>\n\n\n\n<p id=\"m92323-92322-92324\">Lo recalc\u00f3 el canciller, Bruno Rodr\u00edguez, en un encuentro internacional con m\u00e1s de 700 sindicalistas, pol\u00edticos de izquierdas y activistas congregados en La Habana con motivo del Primero de mayo, un encuentro marcado por la amenaza de una agresi\u00f3n estadounidense.<\/p>\n\n\n\n<p id=\"m92328-92327-92329\">\u00abNo forma parte de ese intercambio (de los contactos con EE.UU.), no lo forma de ninguna manera, el orden pol\u00edtico y econ\u00f3mico de Cuba. No forma parte de conversaciones con los Estados Unidos ning\u00fan asunto interno de nuestro pueblo ni de nuestra revoluci\u00f3n\u00bb, afirm\u00f3 de acuerdo a la transcripci\u00f3n divulgada posteriormente.<\/p>\n\n\n\n<p id=\"m92333-92332-92334\">A juicio del Gobierno cubano, agreg\u00f3 el canciller, esos temas no pueden formar parte de una negociaci\u00f3n con otro pa\u00eds.<\/p>\n\n\n\n<p id=\"m92338-92337-92339\">\u00abNo discutiremos jam\u00e1s con Estados Unidos los asuntos que competen solo a la soberan\u00eda, a la independencia y a la libre determinaci\u00f3n de los cubanos\u00bb, asegur\u00f3.<\/p>\n\n\n\n<p id=\"m92343-92342-92344\">Rodr\u00edguez llam\u00f3 al Gobierno estadounidense a no subestimar el nacionalismo dentro de la isla y la respuesta popular en caso de un posible ataque. \u00abCuba ser\u00eda un avispero. Cuba ser\u00eda una trampa mortal. Cuba ser\u00eda escenario de la guerra de todo el pueblo si el imperialismo estadounidense osara atacarnos\u00bb, vaticin\u00f3.<\/p>\n\n\n\n<p id=\"m92348-92347-92349\">\u00abCuba se defiende, se defiende con las ideas y se defender\u00e1 con las armas\u00bb, advirti\u00f3.<\/p>\n\n\n\n<p id=\"m92353-92352-92354\">El canciller cubano destac\u00f3 que, en todo caso, el pa\u00eds \u00abact\u00faa y actuar\u00e1 con responsabilidad\u00bb.<\/p>\n\n\n\n<p id=\"m92358-92357-92359\">\u00abSi bien nos preparamos para cualquier eventualidad, incluso para una agresi\u00f3n militar directa, confiamos en que prevalezca la cordura y el sentido com\u00fan antes de iniciar una aventura tan riesgosa\u00bb, indic\u00f3.<\/p>\n\n\n\n<p id=\"m92363-92362-92364\">Trump asegur\u00f3 este viernes que \u00abtomar\u00e1 el control\u00bb de Cuba \u00abcasi de inmediato\u00bb, pero agreg\u00f3 que primero terminar\u00e1 con el \u00abtrabajo\u00bb en Ir\u00e1n.<\/p>\n\n\n\n<p id=\"m92368-92367-92369\">Poco antes Washington public\u00f3 una nueva orden ejecutiva que extiende la cobertura de las sanciones hasta abarcar casi a cualquier persona o empresa no estadounidense que tenga relaciones comerciales con Cuba, especialmente en los sectores de la energ\u00eda, la defensa, la seguridad y las finanzas.<\/p>\n\n\n\n<p id=\"m92373-92372-92374\">Desde enero, Washington ha intensificado la presi\u00f3n econ\u00f3mica sobre La Habana con un bloqueo petrolero que ha impedido casi totalmente la entrada de crudo y combustibles desde el exterior. Los apagones se han multiplicado y la econom\u00eda est\u00e1 casi completamente paralizada.<\/p>\n\n\n\n<p id=\"m92378-92377-92379\">Adem\u00e1s, el presidente de EE.UU. y su secretario de Estado han instado en diversas ocasiones a La Habana a cambiar el sistema econ\u00f3mico y r\u00e9gimen pol\u00edtico de la isla. Ambas partes han reconocido conversaciones desde hace m\u00e1s de un mes, pero por el momento no se han hecho p\u00fablicos los temas o avances en este di\u00e1logo.<\/p>\n","protected":false},"excerpt":{"rendered":"<p>Lo recalc\u00f3 el canciller, Bruno Rodr\u00edguez, en un encuentro internacional con m\u00e1s de 700 sindicalistas<\/p>\n","protected":false},"author":1,"featured_media":25917,"comment_status":"open","ping_status":"open","sticky":false,"template":"","format":"standard","meta":{"footnotes":""},"categories":[4],"tags":[],"class_list":["post-25916","post","type-post","status-publish","format-standard","has-post-thumbnail","hentry","category-mundiales"],"_links":{"self":[{"href":"https:\/\/samantharadionline.com\/index.php\/wp-json\/wp\/v2\/posts\/25916","targetHints":{"allow":["GET"]}}],"collection":[{"href":"https:\/\/samantharadionline.com\/index.php\/wp-json\/wp\/v2\/posts"}],"about":[{"href":"https:\/\/samantharadionline.com\/index.php\/wp-json\/wp\/v2\/types\/post"}],"author":[{"embeddable":true,"href":"https:\/\/samantharadionline.com\/index.php\/wp-json\/wp\/v2\/users\/1"}],"replies":[{"embeddable":true,"href":"https:\/\/samantharadionline.com\/index.php\/wp-json\/wp\/v2\/comments?post=25916"}],"version-history":[{"count":1,"href":"https:\/\/samantharadionline.com\/index.php\/wp-json\/wp\/v2\/posts\/25916\/revisions"}],"predecessor-version":[{"id":25918,"href":"https:\/\/samantharadionline.com\/index.php\/wp-json\/wp\/v2\/posts\/25916\/revisions\/25918"}],"wp:featuredmedia":[{"embeddable":true,"href":"https:\/\/samantharadionline.com\/index.php\/wp-json\/wp\/v2\/media\/25917"}],"wp:attachment":[{"href":"https:\/\/samantharadionline.com\/index.php\/wp-json\/wp\/v2\/media?parent=25916"}],"wp:term":[{"taxonomy":"category","embeddable":true,"href":"https:\/\/samantharadionline.com\/index.php\/wp-json\/wp\/v2\/categories?post=25916"},{"taxonomy":"post_tag","embeddable":true,"href":"https:\/\/samantharadionline.com\/index.php\/wp-json\/wp\/v2\/tags?post=25916"}],"curies":[{"name":"wp","href":"https:\/\/api.w.org\/{rel}","templated":true}]}}