{"id":25862,"date":"2026-05-01T08:16:02","date_gmt":"2026-05-01T12:16:02","guid":{"rendered":"https:\/\/samantharadionline.com\/?p=25862"},"modified":"2026-05-01T08:16:04","modified_gmt":"2026-05-01T12:16:04","slug":"el-pld-aun-busca-definir-quien-sera-su-proxima-figura-presidencial-y-el-metodo-que-utilizara-para-definirla","status":"publish","type":"post","link":"https:\/\/samantharadionline.com\/index.php\/2026\/05\/01\/el-pld-aun-busca-definir-quien-sera-su-proxima-figura-presidencial-y-el-metodo-que-utilizara-para-definirla\/","title":{"rendered":"El PLD a\u00fan busca definir qui\u00e9n ser\u00e1 su pr\u00f3xima figura presidencial y el m\u00e9todo que utilizar\u00e1 para definirla"},"content":{"rendered":"\n<p class=\"has-medium-font-size\"><em>Sin alternativas: El PLD y la b\u00fasqueda de aliados<\/em><\/p>\n\n\n\n<figure class=\"wp-block-image\"><img decoding=\"async\" src=\"https:\/\/listindiario.com\/files\/image_60_60\/uploads\/2023\/05\/16\/64638cfd2419c.jpeg\" alt=\"Avatar del Javier Flores\"\/><\/figure>\n\n\n\n<p><strong><em>\u00a0<\/em>Javier Flores, Santo Domingo, RD<\/strong><\/p>\n\n\n\n<p id=\"m22388-22387-22389\">Al momento de realizar pactos y alianzas de cara a unos comicios, en este caso presidenciales, las organizaciones pol\u00edticas tienen dos opciones: ceder su casilla a favor de la propuesta presidencial de otro partido a cambio de futuros beneficios y posiciones en el tren gubernamental o que su candidatura presidencial sea respaldada por otros movimientos<\/p>\n\n\n\n<p id=\"m22393-22392-22394\">En el caso del Partido de la Liberaci\u00f3n Dominicana (PLD), ninguna de esas dos opciones parecen viables de cara a las elecciones presidenciales del 2028.<\/p>\n\n\n\n<p id=\"m22398-22397-22399\">La alta dirigencia del partido morado ha indicado en m\u00faltiples ocasiones que no estar\u00edan entrando en una alianza donde el PLD no sea que encabece la misma; el propio presidente del partido, Danilo Medina manifest\u00f3 el pasado fin de semana que esa organizaci\u00f3n no ceder\u00e1 su fuerza pol\u00edtica a otras agrupaciones.<\/p>\n\n\n\n<p id=\"m22403-22402-22404\">\u201cQue nadie, absolutamente nadie, sue\u00f1e con el PLD. Y menos los que aplicaron la operaci\u00f3n tijera para destruirlo\u201d, expres\u00f3 el exmandatario luego de estar presente en una de las asambleas del partido opositor.<\/p>\n\n\n\n<p id=\"m22408-22407-22409\">Las declaraciones de Medina se producen en el contexto de que varios legisladores y miembros del Partido Revolucionario Moderno (PRM), se\u00f1alaron que estar\u00edan dispuestos a apoyar e incluso hasta ceder candidaturas en caso de que se produzca una alianza entre ambas organizaciones pol\u00edticas.<\/p>\n\n\n\n<p id=\"m22413-22412-22414\">Liz Mieses y Eugenio Cede\u00f1o, entre otros, se han sumado a las declaraciones del senador Dagoberto Rodr\u00edguez, quien inicialmente comenz\u00f3 con la valoraci\u00f3n positiva de una posible alianza entre ambos partidos pol\u00edticos.<\/p>\n\n\n\n<p id=\"m22418-22417-22419\">La posici\u00f3n de Medina ha sido la misma que ha razonado dentro del PLD desde que comenzaron las suposiciones de una posible coalici\u00f3n opositora, que ser\u00eda encabezada por el tambi\u00e9n exmandatario Leonel Fern\u00e1ndez y la Fuerza del Pueblo, como fue presentada hace varios meses por el dirigente pol\u00edtico y secretario general del Foro Permanente de Partidos Pol\u00edticos (Fopppredom), Jos\u00e9 Francisco Pe\u00f1a Guaba, quien hasta sugiri\u00f3 a Gonzalo Castillo como posible acompa\u00f1ante en la boleta electoral.<\/p>\n\n\n\n<p id=\"m22423-22422-22424\">\u201cAqu\u00ed hemos dicho claramente muchas veces que todo el que quiera apoyar al Partido de la Liberaci\u00f3n Dominicana de cara a la elecci\u00f3n del 2028, las puertas est\u00e1n abiertas. Pero que nadie espere que el PLD le va a endosar su fuerza a ning\u00fan partido\u201d, fue lo acotado por Medina el pasado fin de semana.<\/p>\n\n\n\n<p id=\"m22428-22427-22429\">Con las opciones de ceder la candidatura, cerradas, todo apunta a que el PLD buscar\u00e1 que otras organizaciones asuman su propuesta presidencial; sin embargo, hasta este preciso momento, esa es una tarea a\u00fan por resolver con poco m\u00e1s de dos a\u00f1os para la celebraci\u00f3n de los comiscios.<\/p>\n\n\n\n<p id=\"m22433-22432-22434\">El partido fundado por Juan Bosch en 1973 precisamente no logr\u00f3 que ninguna otra organizaci\u00f3n pol\u00edtica acogiera su propuesta presidencial, encabezada por Abel Mart\u00ednez; siendo la primera vez que el PLD fue sin aliados desde 1978, la primera vez que se present\u00f3 con una candidatura presidencial propia.<\/p>\n\n\n\n<p id=\"m22438-22437-22439\">El resultado fue que Mart\u00ednez se qued\u00f3 corto en las expectativas y apenas sobrepas\u00f3 la marca del 10%, catapultando al partido de la estrella amarilla como la tercera fuerza pol\u00edtica, por debajo de la Fuerza del Pueblo y el expresidente Fern\u00e1ndez.<\/p>\n\n\n\n<p id=\"m22443-22442-22444\"><strong>Los aliados ya no est\u00e1n<\/strong><\/p>\n\n\n\n<p id=\"m22448-22447-22449\">Hasta hace solo ocho a\u00f1os, antes de los \u00faltimos comicios presidenciales, celebrados en mayo de 2024, el PLD lleg\u00f3 a contar hasta con el apoyo de otras 12 organizaciones pol\u00edticas.<\/p>\n\n\n\n<p id=\"m22453-22452-22454\">Para 2016, cuando Danilo Medina gan\u00f3 las elecciones con porcentaje por encima del 61%, el rostro del exmandatario apareci\u00f3 en las casillas del Partido Revolucionario Dominicano (PRD), Partido Dem\u00f3crata Popular (PDP), el Movimiento Democr\u00e1tico Alternativo (MODA), Partido C\u00edvico Renovador (PCR), Uni\u00f3n Dem\u00f3crata Cristiana (UDC), Partido Acci\u00f3n Liberal (PAL), Partido Revolucionario Independiente (PRI), el Partido Liberal Reformista (PLR), el Bloque Institucional Socialdem\u00f3crata (BIS), Partido Verde Dominicano (Pasove), Partido Renacentista Nacional (PRN) y el Partido Popular Cristiano (PPC).<\/p>\n\n\n\n<p id=\"m22458-22457-22459\">Esa gran coalici\u00f3n formaba parte del denominado \u201cBloque Progresista\u201d, que, por m\u00e1s de una d\u00e9cada, ayud\u00f3 al PLD a ganar los torneos electorales celebrados en 2006 (municipales y congresuales), 2008 (presidenciales), 2010 (municipales y congresuales), 2012 (presidenciales) y 2016 (en todos los niveles electorales).<\/p>\n\n\n\n<p id=\"m22463-22462-22464\">Sin embargo, desde esa \u00faltima victoria electoral del PLD a la fecha, ese gran bloque se fue disminuyendo hasta desaparecer en el 2024; tras enfrentar la crisis y divisi\u00f3n m\u00e1s grande en su historia partidaria, que result\u00f3 con la partida de Leonel luego de la controversia generada por las primarias del 2019, ese n\u00famero de 12 aliados alcanzado hace 10 a\u00f1os fue reducido a solo ocho.<\/p>\n\n\n\n<p id=\"m22468-22467-22469\">Con una parte de esos aliados y\u00e9ndose junto con Fern\u00e1ndez hacia la Fuerza del Pueblo y otros optando por apoyar al Partido Revolucionario Moderno (PRM) para las elecciones del 2020 solo el PRD, el PCR, MODA, UDC, PAL, PRI, PDP y el PPC se quedaron para apoyar la candidatura de Gonzalo Castillo.<\/p>\n\n\n\n<p id=\"m22473-22472-22474\">Castillo ser\u00eda quien perder\u00eda las elecciones del 2020, alcanzando poco m\u00e1s de un 30%; entre ese 2020 y el 2024, con los dirigentes pelede\u00edstas enfrentando m\u00faltiples se\u00f1alamientos por la justicia dominicana, mediante acusaciones de corrupci\u00f3n administrativa; esos ocho partidos optar\u00edan por no respaldar al PLD en el nivel presidencial.<\/p>\n\n\n\n<p id=\"m22478-22477-22479\">El PCR, MODA, UDC, PAL, PRI, PDP y el PPC optaron por apoyar a Luis Abinader en su b\u00fasqueda de la reelecci\u00f3n, mientras que el PRD se decidir\u00eda por presentar una candidatura presidencial propia por primera vez desde el 2012 y luego de presentar al candidato del PLD en las elecciones de 2016 y 2020.<\/p>\n\n\n\n<p id=\"m22483-22482-22484\">\u00abEl PLD nunca ha ganado sin alianzas&#8230;en el escenario de hoy, nadie gana solo\u00bb, fueron frases dichas por el hoy aspirante presidencial y miembro del comit\u00e9 pol\u00edtico de ese partido, Francisco Javier Garc\u00eda, antes de la anterior contienda electoral, haciendo hincapi\u00e9 en la necesidad de tener partidos aliados; sin embargo, con un partido que a\u00fan busca definir cu\u00e1l ser\u00e1 su pr\u00f3xima figura presidencial y desacuerdo en el m\u00e9todo de elecci\u00f3n de ese pr\u00f3ximo candidato entre sus propios dirigentes, hacen escenario poco probable.<\/p>\n","protected":false},"excerpt":{"rendered":"<p>Sin alternativas: El PLD y la b\u00fasqueda de aliados \u00a0Javier Flores, Santo Domingo, RD Al<\/p>\n","protected":false},"author":1,"featured_media":25863,"comment_status":"open","ping_status":"open","sticky":false,"template":"","format":"standard","meta":{"footnotes":""},"categories":[12],"tags":[],"class_list":["post-25862","post","type-post","status-publish","format-standard","has-post-thumbnail","hentry","category-nacionales"],"_links":{"self":[{"href":"https:\/\/samantharadionline.com\/index.php\/wp-json\/wp\/v2\/posts\/25862","targetHints":{"allow":["GET"]}}],"collection":[{"href":"https:\/\/samantharadionline.com\/index.php\/wp-json\/wp\/v2\/posts"}],"about":[{"href":"https:\/\/samantharadionline.com\/index.php\/wp-json\/wp\/v2\/types\/post"}],"author":[{"embeddable":true,"href":"https:\/\/samantharadionline.com\/index.php\/wp-json\/wp\/v2\/users\/1"}],"replies":[{"embeddable":true,"href":"https:\/\/samantharadionline.com\/index.php\/wp-json\/wp\/v2\/comments?post=25862"}],"version-history":[{"count":1,"href":"https:\/\/samantharadionline.com\/index.php\/wp-json\/wp\/v2\/posts\/25862\/revisions"}],"predecessor-version":[{"id":25864,"href":"https:\/\/samantharadionline.com\/index.php\/wp-json\/wp\/v2\/posts\/25862\/revisions\/25864"}],"wp:featuredmedia":[{"embeddable":true,"href":"https:\/\/samantharadionline.com\/index.php\/wp-json\/wp\/v2\/media\/25863"}],"wp:attachment":[{"href":"https:\/\/samantharadionline.com\/index.php\/wp-json\/wp\/v2\/media?parent=25862"}],"wp:term":[{"taxonomy":"category","embeddable":true,"href":"https:\/\/samantharadionline.com\/index.php\/wp-json\/wp\/v2\/categories?post=25862"},{"taxonomy":"post_tag","embeddable":true,"href":"https:\/\/samantharadionline.com\/index.php\/wp-json\/wp\/v2\/tags?post=25862"}],"curies":[{"name":"wp","href":"https:\/\/api.w.org\/{rel}","templated":true}]}}