{"id":25859,"date":"2026-05-01T08:13:23","date_gmt":"2026-05-01T12:13:23","guid":{"rendered":"https:\/\/samantharadionline.com\/?p=25859"},"modified":"2026-05-01T08:13:24","modified_gmt":"2026-05-01T12:13:24","slug":"jce-extiende-plazo-para-renovar-cedula-a-nacidos-en-abril-hasta-el-11-de-mayo","status":"publish","type":"post","link":"https:\/\/samantharadionline.com\/index.php\/2026\/05\/01\/jce-extiende-plazo-para-renovar-cedula-a-nacidos-en-abril-hasta-el-11-de-mayo\/","title":{"rendered":"JCE extiende plazo para renovar c\u00e9dula a nacidos en abril hasta el 11 de mayo"},"content":{"rendered":"\n<h2 class=\"wp-block-heading has-medium-font-size\"><strong><em>La instituci\u00f3n explic\u00f3 a trav\u00e9s de un comunicado que la medida responde a que la jornada de cedulaci\u00f3n inici\u00f3 el pasado 12 de abril, con el objetivo de facilitar que quienes cumplen a\u00f1os en ese mes completen su proceso de renovaci\u00f3n dentro del calendario establecido<\/em><\/strong><\/h2>\n\n\n\n<figure class=\"wp-block-image\"><img decoding=\"async\" src=\"https:\/\/listindiario.com\/files\/image_60_60\/uploads\/2025\/11\/11\/6913d8af3dd2f.jpeg\" alt=\"Avatar del Arianna Carolina P\u00e9rez Mercedes\"\/><\/figure>\n\n\n\n<p><strong><em>\u00a0<\/em>Arianna Carolina P\u00e9rez Mercedes, Santo Domingo, RD<\/strong><\/p>\n\n\n\n<p id=\"m28452-28451-28453\">La&nbsp;<strong>Junta Central Electoral&nbsp;<\/strong>(JCE) inform\u00f3 este jueves que las personas nacidas en el mes de abril podr\u00e1n renovar su c\u00e9dula de identidad y electoral hasta el pr\u00f3ximo 11 de mayo.<\/p>\n\n\n\n<p id=\"m28457-28456-28458\">La instituci\u00f3n explic\u00f3 a trav\u00e9s de un comunicado que la medida responde a que la jornada de cedulaci\u00f3n inici\u00f3 el pasado 12 de abril, con el objetivo de facilitar que quienes cumplen a\u00f1os en ese mes completen su proceso de renovaci\u00f3n dentro del calendario establecido.<\/p>\n\n\n\n<p id=\"m28462-28461-28463\">Asimismo, la JCE indic\u00f3 que los ciudadanos nacidos en mayo podr\u00e1n comenzar a renovar su documento a partir del 1 de mayo y durante todo ese mes, conforme al cronograma vigente.<\/p>\n\n\n\n<p>La entidad reiter\u00f3 el llamado a la poblaci\u00f3n a acudir a cualquiera de los 193 centros de cedulaci\u00f3n habilitados en todo el pa\u00eds, y a consultar ubicaciones y horarios a trav\u00e9s de su portal web oficial.<\/p>\n","protected":false},"excerpt":{"rendered":"<p>La instituci\u00f3n explic\u00f3 a trav\u00e9s de un comunicado que la medida responde a que la<\/p>\n","protected":false},"author":1,"featured_media":25860,"comment_status":"open","ping_status":"open","sticky":false,"template":"","format":"standard","meta":{"footnotes":""},"categories":[12],"tags":[],"class_list":["post-25859","post","type-post","status-publish","format-standard","has-post-thumbnail","hentry","category-nacionales"],"_links":{"self":[{"href":"https:\/\/samantharadionline.com\/index.php\/wp-json\/wp\/v2\/posts\/25859","targetHints":{"allow":["GET"]}}],"collection":[{"href":"https:\/\/samantharadionline.com\/index.php\/wp-json\/wp\/v2\/posts"}],"about":[{"href":"https:\/\/samantharadionline.com\/index.php\/wp-json\/wp\/v2\/types\/post"}],"author":[{"embeddable":true,"href":"https:\/\/samantharadionline.com\/index.php\/wp-json\/wp\/v2\/users\/1"}],"replies":[{"embeddable":true,"href":"https:\/\/samantharadionline.com\/index.php\/wp-json\/wp\/v2\/comments?post=25859"}],"version-history":[{"count":1,"href":"https:\/\/samantharadionline.com\/index.php\/wp-json\/wp\/v2\/posts\/25859\/revisions"}],"predecessor-version":[{"id":25861,"href":"https:\/\/samantharadionline.com\/index.php\/wp-json\/wp\/v2\/posts\/25859\/revisions\/25861"}],"wp:featuredmedia":[{"embeddable":true,"href":"https:\/\/samantharadionline.com\/index.php\/wp-json\/wp\/v2\/media\/25860"}],"wp:attachment":[{"href":"https:\/\/samantharadionline.com\/index.php\/wp-json\/wp\/v2\/media?parent=25859"}],"wp:term":[{"taxonomy":"category","embeddable":true,"href":"https:\/\/samantharadionline.com\/index.php\/wp-json\/wp\/v2\/categories?post=25859"},{"taxonomy":"post_tag","embeddable":true,"href":"https:\/\/samantharadionline.com\/index.php\/wp-json\/wp\/v2\/tags?post=25859"}],"curies":[{"name":"wp","href":"https:\/\/api.w.org\/{rel}","templated":true}]}}