{"id":25847,"date":"2026-05-01T08:00:58","date_gmt":"2026-05-01T12:00:58","guid":{"rendered":"https:\/\/samantharadionline.com\/?p=25847"},"modified":"2026-05-01T08:00:59","modified_gmt":"2026-05-01T12:00:59","slug":"hipolito-mejia-pide-no-emitir-juicios-sobre-el-proyecto-minero-en-san-juan-sin-estudios-tecnicos","status":"publish","type":"post","link":"https:\/\/samantharadionline.com\/index.php\/2026\/05\/01\/hipolito-mejia-pide-no-emitir-juicios-sobre-el-proyecto-minero-en-san-juan-sin-estudios-tecnicos\/","title":{"rendered":"Hip\u00f3lito Mej\u00eda pide no emitir juicios sobre el proyecto minero en San Juan sin estudios t\u00e9cnicos"},"content":{"rendered":"\n<h2 class=\"wp-block-heading has-medium-font-size\"><em><strong>Durante una visita a esta demarcaci\u00f3n, el exmandatario fue enf\u00e1tico al se\u00f1alar que este tipo de decisiones no puede estar marcado por prejuicios ni posiciones pol\u00edticas<\/strong><\/em><\/h2>\n\n\n\n<p><strong>LD, San Juan, RD.\u00a0<\/strong><\/p>\n\n\n\n<p id=\"m112682-112681-112683\">El expresidente de la&nbsp;<strong>Rep\u00fablica<\/strong>, Hip\u00f3lito Mej\u00eda, abog\u00f3 este jueves por que la discusi\u00f3n en torno al desarrollo del proyecto minero Romero en la provincia de&nbsp;<strong>San Juan&nbsp;<\/strong>se realice con base en estudios t\u00e9cnicos, al tiempo que sostuvo que la miner\u00eda puede ser compatible con otras actividades productivas.<\/p>\n\n\n\n<p id=\"m112687-112686-112688\">Durante una visita a esta demarcaci\u00f3n, el exmandatario fue enf\u00e1tico al se\u00f1alar que este tipo de decisiones no puede estar marcado por prejuicios ni posiciones pol\u00edticas.<\/p>\n\n\n\n<p id=\"m112692-112691-112693\">\u201cHay posibilidades de desarrollar todos los sectores de la vida nacional. Y eso no tiene que preocuparle a nadie. Ahora, politiquer\u00eda y demagogia barata no debe existir en una zona pobre\u201d, expres\u00f3 Mej\u00eda, al referirse a la discusi\u00f3n sobre la actividad minera en una zona agr\u00edcola.<\/p>\n\n\n\n<p id=\"m112697-112696-112698\"><strong>Mej\u00eda<\/strong>&nbsp;tambi\u00e9n confront\u00f3 directamente al dirigente senador F\u00e9lix Bautista en medio del debate, cuestionando su autoridad para opinar sobre el tema.<\/p>\n\n\n\n<p id=\"m112702-112701-112703\">\u201cEntonces, en ese caso yo voy a la mina. Adem\u00e1s, en una cosa que est\u00e9 F\u00e9lix Bautista, yo tengo que enfrentarla, porque ese no tiene calidad moral para hablar de honestidad y prospectiva de lo que hay que hacer en el pa\u00eds. Por eso, por principios. Pero permitan que se hagan los estudios\u201d, expres\u00f3.<\/p>\n\n\n\n<p id=\"m112707-112706-112708\">El tambi\u00e9n dirigente pol\u00edtico cuestion\u00f3 que se plantee una incompatibilidad entre la miner\u00eda y otras actividades productivas, al afirmar que \u201ceso es una desviaci\u00f3n\u201d y que \u201ctodo es compatible\u201d, en referencia a la posibilidad de desarrollar distintos sectores econ\u00f3micos de manera simult\u00e1nea.<\/p>\n\n\n\n<p id=\"m112712-112711-112713\">Asimismo, Mej\u00eda vincul\u00f3 el debate con la realidad econ\u00f3mica de la provincia, indicando que se trata de una zona pobre con necesidades de empleo y desarrollo, por lo que llam\u00f3 a abordar el tema con una visi\u00f3n de largo plazo.<\/p>\n\n\n\n<p id=\"m112717-112716-112718\">\u201cHay que ver esas cosas con realismo, con seriedad. No con demagogia barata y queriendo ser simp\u00e1ticos. As\u00ed no estamos para desarrollar el pa\u00eds. Hay que ser serios en este tipo de cosas y de consideraci\u00f3n de lo que conviene a largo plazo a la provincia de San Juan de Maguana\u201d, expres\u00f3.<\/p>\n\n\n\n<p id=\"m112722-112721-112723\">El exmandatario hizo un llamado a que la propia comunidad de San Juan asuma un rol activo en la definici\u00f3n del futuro que desea para esa provincia. \u201cPorque la fuerza viva de aqu\u00ed tiene que integrarse y saber lo que quieran\u201d, dijo.<\/p>\n\n\n\n<p id=\"m112727-112726-112728\">Las declaraciones de Mej\u00eda se producen en medio de un creciente debate sobre el desarrollo de proyectos mineros en San Juan, en el que distintos sectores han planteado la necesidad de profundizar los estudios t\u00e9cnicos antes de tomar decisiones.<\/p>\n","protected":false},"excerpt":{"rendered":"<p>Durante una visita a esta demarcaci\u00f3n, el exmandatario fue enf\u00e1tico al se\u00f1alar que este tipo<\/p>\n","protected":false},"author":1,"featured_media":25848,"comment_status":"open","ping_status":"open","sticky":false,"template":"","format":"standard","meta":{"footnotes":""},"categories":[12],"tags":[],"class_list":["post-25847","post","type-post","status-publish","format-standard","has-post-thumbnail","hentry","category-nacionales"],"_links":{"self":[{"href":"https:\/\/samantharadionline.com\/index.php\/wp-json\/wp\/v2\/posts\/25847","targetHints":{"allow":["GET"]}}],"collection":[{"href":"https:\/\/samantharadionline.com\/index.php\/wp-json\/wp\/v2\/posts"}],"about":[{"href":"https:\/\/samantharadionline.com\/index.php\/wp-json\/wp\/v2\/types\/post"}],"author":[{"embeddable":true,"href":"https:\/\/samantharadionline.com\/index.php\/wp-json\/wp\/v2\/users\/1"}],"replies":[{"embeddable":true,"href":"https:\/\/samantharadionline.com\/index.php\/wp-json\/wp\/v2\/comments?post=25847"}],"version-history":[{"count":1,"href":"https:\/\/samantharadionline.com\/index.php\/wp-json\/wp\/v2\/posts\/25847\/revisions"}],"predecessor-version":[{"id":25849,"href":"https:\/\/samantharadionline.com\/index.php\/wp-json\/wp\/v2\/posts\/25847\/revisions\/25849"}],"wp:featuredmedia":[{"embeddable":true,"href":"https:\/\/samantharadionline.com\/index.php\/wp-json\/wp\/v2\/media\/25848"}],"wp:attachment":[{"href":"https:\/\/samantharadionline.com\/index.php\/wp-json\/wp\/v2\/media?parent=25847"}],"wp:term":[{"taxonomy":"category","embeddable":true,"href":"https:\/\/samantharadionline.com\/index.php\/wp-json\/wp\/v2\/categories?post=25847"},{"taxonomy":"post_tag","embeddable":true,"href":"https:\/\/samantharadionline.com\/index.php\/wp-json\/wp\/v2\/tags?post=25847"}],"curies":[{"name":"wp","href":"https:\/\/api.w.org\/{rel}","templated":true}]}}