{"id":25844,"date":"2026-04-30T21:23:20","date_gmt":"2026-05-01T01:23:20","guid":{"rendered":"https:\/\/samantharadionline.com\/?p=25844"},"modified":"2026-04-30T21:23:21","modified_gmt":"2026-05-01T01:23:21","slug":"sigue-prision-para-santiago-hazim-y-otros-seis-imputados-en-caso-senasa","status":"publish","type":"post","link":"https:\/\/samantharadionline.com\/index.php\/2026\/04\/30\/sigue-prision-para-santiago-hazim-y-otros-seis-imputados-en-caso-senasa\/","title":{"rendered":"Sigue prisi\u00f3n para Santiago Hazim y otros seis imputados en caso Senasa"},"content":{"rendered":"\n<h2 class=\"wp-block-heading has-medium-font-size\"><em><strong>En ese sentido, dispuso el mantenimiento en prisi\u00f3n de Santiago Hazim, Rafael Luis Mart\u00ednez Hazim, Gustavo Enrique Messina Cruz, Germ\u00e1n Rafael Robles Qui\u00f1ones, Francisco Iv\u00e1n Minaya P\u00e9rez, Ram\u00f3n Alan Spiekler Mateo y Ada Ledesma<\/strong><\/em><\/h2>\n\n\n\n<figure class=\"wp-block-image\"><img decoding=\"async\" src=\"https:\/\/listindiario.com\/files\/image_60_60\/uploads\/2023\/05\/11\/645d0fa7541ad.png\" alt=\"Avatar del Ram\u00f3n Cruz Benz\u00e1n\"\/><\/figure>\n\n\n\n<p><strong><em>\u00a0<\/em>Ram\u00f3n Cruz Benz\u00e1n, Santo Domingo, RD<\/strong><\/p>\n\n\n\n<p id=\"m62126-62125-62127\">El juez Deiby Timoteo Peguero, del S\u00e9ptimo Juzgado de la Instrucci\u00f3n del Distrito Nacional, ratific\u00f3 la prisi\u00f3n preventiva en contra de Santiago Hazim, y otros siete imputados vinculados al desfalco del Seguro Nacional de Salud (Senasa).<\/p>\n\n\n\n<p id=\"m62131-62130-62132\">Durante la audiencia de revisi\u00f3n de la medida de coerci\u00f3n, el tribunal determin\u00f3 que no han variado los presupuestos que dieron origen a la medida original, asegurando que la privaci\u00f3n de libertad sigue siendo la v\u00eda id\u00f3nea para garantizar la presencia del encartado en el proceso.<\/p>\n\n\n\n<p id=\"m62136-62135-62137\">En ese sentido, dispuso el mantenimiento en prisi\u00f3n de Santiago Hazim, Rafael Luis Mart\u00ednez Hazim, Gustavo Enrique Messina Cruz, Germ\u00e1n Rafael Robles Qui\u00f1ones, Francisco Iv\u00e1n Minaya P\u00e9rez, Ram\u00f3n Alan Spiekler Mateo y Ada Ledesma<\/p>\n\n\n\n<p id=\"m62141-62140-62142\">El juez consider\u00f3 que persiste el riesgo de incomparecencia, derivado de la gravedad de los hechos imputados y el da\u00f1o que debe ser resarcido al Estado.<\/p>\n\n\n\n<p id=\"m62146-62145-62147\">Atendiendo a la posible pena imponible seg\u00fan la calificaci\u00f3n jur\u00eddica presentada por el Ministerio P\u00fablico, la prisi\u00f3n preventiva se considera una medida equilibrada.<\/p>\n\n\n\n<p id=\"m62151-62150-62152\">Tras analizar la provisionalidad de las medidas de coerci\u00f3n, el tribunal concluy\u00f3 que los elementos de prueba y las circunstancias actuales no justifican el otorgamiento de una libertad bajo fianza o medida menos gravosa.<\/p>\n\n\n\n<p id=\"m62156-62155-62157\">\u00abSe procede a ordenar la continuaci\u00f3n de la prisi\u00f3n preventiva por considerar que no han variado los presupuestos tomados en cuenta al momento de su imposici\u00f3n\u00bb, dictamin\u00f3 el juez en el dispositivo de la resoluci\u00f3n.<\/p>\n\n\n\n<p id=\"m62161-62160-62162\">Asimismo, el juez fij\u00f3 para el pr\u00f3ximo 21 de mayo, la lectura integra de la decisi\u00f3n, fecha a partir de la cual empezar\u00e1n a correr los plazos legales para que las partes interpongan los recursos de apelaci\u00f3n que consideren pertinentes.<\/p>\n\n\n\n<p id=\"m62166-62165-62167\">Igualmente, el tribunal fij\u00f3 para el 30 de julio del presente a\u00f1o el conocimiento de la pr\u00f3xima revisi\u00f3n obligatoria de la medida de coerci\u00f3n, quedando las partes presentes y representadas formalmente citadas para dichas comparecencias.<\/p>\n","protected":false},"excerpt":{"rendered":"<p>En ese sentido, dispuso el mantenimiento en prisi\u00f3n de Santiago Hazim, Rafael Luis Mart\u00ednez Hazim,<\/p>\n","protected":false},"author":1,"featured_media":25845,"comment_status":"open","ping_status":"open","sticky":false,"template":"","format":"standard","meta":{"footnotes":""},"categories":[12],"tags":[],"class_list":["post-25844","post","type-post","status-publish","format-standard","has-post-thumbnail","hentry","category-nacionales"],"_links":{"self":[{"href":"https:\/\/samantharadionline.com\/index.php\/wp-json\/wp\/v2\/posts\/25844","targetHints":{"allow":["GET"]}}],"collection":[{"href":"https:\/\/samantharadionline.com\/index.php\/wp-json\/wp\/v2\/posts"}],"about":[{"href":"https:\/\/samantharadionline.com\/index.php\/wp-json\/wp\/v2\/types\/post"}],"author":[{"embeddable":true,"href":"https:\/\/samantharadionline.com\/index.php\/wp-json\/wp\/v2\/users\/1"}],"replies":[{"embeddable":true,"href":"https:\/\/samantharadionline.com\/index.php\/wp-json\/wp\/v2\/comments?post=25844"}],"version-history":[{"count":1,"href":"https:\/\/samantharadionline.com\/index.php\/wp-json\/wp\/v2\/posts\/25844\/revisions"}],"predecessor-version":[{"id":25846,"href":"https:\/\/samantharadionline.com\/index.php\/wp-json\/wp\/v2\/posts\/25844\/revisions\/25846"}],"wp:featuredmedia":[{"embeddable":true,"href":"https:\/\/samantharadionline.com\/index.php\/wp-json\/wp\/v2\/media\/25845"}],"wp:attachment":[{"href":"https:\/\/samantharadionline.com\/index.php\/wp-json\/wp\/v2\/media?parent=25844"}],"wp:term":[{"taxonomy":"category","embeddable":true,"href":"https:\/\/samantharadionline.com\/index.php\/wp-json\/wp\/v2\/categories?post=25844"},{"taxonomy":"post_tag","embeddable":true,"href":"https:\/\/samantharadionline.com\/index.php\/wp-json\/wp\/v2\/tags?post=25844"}],"curies":[{"name":"wp","href":"https:\/\/api.w.org\/{rel}","templated":true}]}}