{"id":25841,"date":"2026-04-30T17:48:44","date_gmt":"2026-04-30T21:48:44","guid":{"rendered":"https:\/\/samantharadionline.com\/?p=25841"},"modified":"2026-04-30T17:48:45","modified_gmt":"2026-04-30T21:48:45","slug":"no-existen-presupuestos-para-variar-prision-a-imputados-del-caso-senasa","status":"publish","type":"post","link":"https:\/\/samantharadionline.com\/index.php\/2026\/04\/30\/no-existen-presupuestos-para-variar-prision-a-imputados-del-caso-senasa\/","title":{"rendered":"\u00abNo existen presupuestos para variar prisi\u00f3n a imputados del caso Senasa\u00bb"},"content":{"rendered":"\n<p class=\"has-medium-font-size\"><em>Cuestion\u00f3 que se presentaran cartas de asociaciones o recibos de servicios (luz o tel\u00e9fono) como garant\u00eda de arraigo y sobre un imputado que aleg\u00f3 su profesi\u00f3n de abogado para obtener libertad<\/em><\/p>\n\n\n\n<figure class=\"wp-block-image\"><img decoding=\"async\" src=\"https:\/\/listindiario.com\/files\/image_60_60\/uploads\/2023\/05\/11\/645d0fa7541ad.png\" alt=\"Avatar del Ram\u00f3n Cruz Benz\u00e1n\"\/><\/figure>\n\n\n\n<p><strong><em>\u00a0<\/em>Ram\u00f3n Cruz Benz\u00e1n, SANTO DOMINGO, RD<\/strong><\/p>\n\n\n\n<p id=\"m97735-97734-97736\">El director de Persecuci\u00f3n del Ministerio P\u00fablico, Wilson Camacho, solicit\u00f3 al juez del S\u00e9ptimo Juzgado de la Instrucci\u00f3n del Distrito Nacional, mantener prisi\u00f3n preventiva contra los imputados en el desfalco al Seguro Nacional de Salud (Senasa), argumentando que las defensas no han presentado elementos nuevos que justifiquen su libertad.<\/p>\n\n\n\n<p id=\"m97740-97739-97741\">Durante el conocimiento de la revisi\u00f3n obligatoria de la medida de coerci\u00f3n, plante\u00f3 al juez Deiby Timoteo Peguero que se\u00f1alar que los documentos depositados por los abogados de los encartados carecen de la<strong>&nbsp;\u00abnovedad y suficiencia\u00bb&nbsp;<\/strong>que exige el C\u00f3digo Procesal Penal para variar una medida ya impuesta.<\/p>\n\n\n\n<p id=\"m97745-97744-97746\">El procurador adjunto explic\u00f3 que un presupuesto legal no es simplemente cualquier documento nuevo, sino uno que sea proporcionalmente \u00fatil para desvirtuar el peligro de fuga.<\/p>\n\n\n\n<p id=\"m97750-97749-97751\">Cuestion\u00f3 que se presentaran cartas de asociaciones o recibos de servicios (luz o tel\u00e9fono) como garant\u00eda de arraigo y sobre un imputado que aleg\u00f3 su profesi\u00f3n de abogado para obtener libertad, Camacho advirti\u00f3: \u00abLa condici\u00f3n de abogado no puede ser un privilegio; al contrario, quien conoce la ley tiene mayor conciencia del da\u00f1o que causa al Estado\u00bb.<\/p>\n\n\n\n<p id=\"m97755-97754-97756\">Camacho calific\u00f3 como \u00abinsuficientes\u00bb los argumentos de salud de familiares, recordando que la ley solo contempla variaciones por enfermedades graves o terminales del propio imputado.<\/p>\n\n\n\n<p id=\"m97760-97759-97761\"><strong>El impacto social del fraude<\/strong><\/p>\n\n\n\n<p id=\"m97765-97764-97766\">Wilson Camacho record\u00f3 la gravedad de los hechos vinculados a la investigaci\u00f3n, destacando que el dinero sustra\u00eddo estaba destinado a la salud de los dominicanos m\u00e1s vulnerables.<\/p>\n\n\n\n<p id=\"m97770-97769-97771\">\u00abSe han robado el dinero de la salud del pueblo. Quince millones de pesos sustra\u00eddos no son solo n\u00fameros; se traducen en una persona de la tercera edad o un enfermo terminal que va a un hospital y no encuentra el medicamento que necesita para vivir\u00bb, acot\u00f3 Macho.<\/p>\n\n\n\n<p id=\"m97775-97774-97776\"><strong>Petici\u00f3n al Tribunal<\/strong><\/p>\n\n\n\n<p id=\"m97780-97779-97781\">El Ministerio P\u00fablico, representado tambi\u00e9n por la procuradora general de la Rep\u00fablica, solicit\u00f3 formalmente al tribunal rechazar todos los pedimentos de las defensas por no presentar presupuestos que hagan variar las condiciones originales.<\/p>\n\n\n\n<p id=\"m97785-97784-97786\">Mantener la prisi\u00f3n preventiva y dem\u00e1s medidas de coerci\u00f3n impuestas, debido a que persiste el riesgo de afectar el proceso y la gravedad del da\u00f1o al patrimonio p\u00fablico permanece inalterable.<\/p>\n\n\n\n<p id=\"m97790-97789-97791\">En el caso figuran como acusados Santiago Hazim (exdirector de Senasa), Rafael Luis Mart\u00ednez Hazim, Gustavo Enrique Messina Cruz, Germ\u00e1n Rafael Robles Qui\u00f1ones, Francisco Iv\u00e1n Minaya P\u00e9rez, Ram\u00f3n Alan Speakler Mateo y Ada Ledesma, quienes solicitaron al tribunal variar la medida de coerci\u00f3n dictada en su contra.<\/p>\n","protected":false},"excerpt":{"rendered":"<p>Cuestion\u00f3 que se presentaran cartas de asociaciones o recibos de servicios (luz o tel\u00e9fono) como<\/p>\n","protected":false},"author":1,"featured_media":25842,"comment_status":"open","ping_status":"open","sticky":false,"template":"","format":"standard","meta":{"footnotes":""},"categories":[12],"tags":[],"class_list":["post-25841","post","type-post","status-publish","format-standard","has-post-thumbnail","hentry","category-nacionales"],"_links":{"self":[{"href":"https:\/\/samantharadionline.com\/index.php\/wp-json\/wp\/v2\/posts\/25841","targetHints":{"allow":["GET"]}}],"collection":[{"href":"https:\/\/samantharadionline.com\/index.php\/wp-json\/wp\/v2\/posts"}],"about":[{"href":"https:\/\/samantharadionline.com\/index.php\/wp-json\/wp\/v2\/types\/post"}],"author":[{"embeddable":true,"href":"https:\/\/samantharadionline.com\/index.php\/wp-json\/wp\/v2\/users\/1"}],"replies":[{"embeddable":true,"href":"https:\/\/samantharadionline.com\/index.php\/wp-json\/wp\/v2\/comments?post=25841"}],"version-history":[{"count":1,"href":"https:\/\/samantharadionline.com\/index.php\/wp-json\/wp\/v2\/posts\/25841\/revisions"}],"predecessor-version":[{"id":25843,"href":"https:\/\/samantharadionline.com\/index.php\/wp-json\/wp\/v2\/posts\/25841\/revisions\/25843"}],"wp:featuredmedia":[{"embeddable":true,"href":"https:\/\/samantharadionline.com\/index.php\/wp-json\/wp\/v2\/media\/25842"}],"wp:attachment":[{"href":"https:\/\/samantharadionline.com\/index.php\/wp-json\/wp\/v2\/media?parent=25841"}],"wp:term":[{"taxonomy":"category","embeddable":true,"href":"https:\/\/samantharadionline.com\/index.php\/wp-json\/wp\/v2\/categories?post=25841"},{"taxonomy":"post_tag","embeddable":true,"href":"https:\/\/samantharadionline.com\/index.php\/wp-json\/wp\/v2\/tags?post=25841"}],"curies":[{"name":"wp","href":"https:\/\/api.w.org\/{rel}","templated":true}]}}