{"id":25838,"date":"2026-04-30T17:45:00","date_gmt":"2026-04-30T21:45:00","guid":{"rendered":"https:\/\/samantharadionline.com\/?p=25838"},"modified":"2026-04-30T17:45:01","modified_gmt":"2026-04-30T21:45:01","slug":"se-desborda-el-yaque-del-norte-poniendo-en-peligro-a-castanuelas","status":"publish","type":"post","link":"https:\/\/samantharadionline.com\/index.php\/2026\/04\/30\/se-desborda-el-yaque-del-norte-poniendo-en-peligro-a-castanuelas\/","title":{"rendered":"Se desborda el Yaque del Norte poniendo en peligro a Casta\u00f1uelas"},"content":{"rendered":"\n<h2 class=\"wp-block-heading has-medium-font-size\"><em><strong>El alcalde hizo un llamado urgente a las autoridades nacionales para el env\u00edo de ayudas humanitarias destinadas a las familias afectadas<\/strong><\/em><\/h2>\n\n\n\n<figure class=\"wp-block-image\"><img decoding=\"async\" src=\"https:\/\/listindiario.com\/files\/image_60_60\/uploads\/2023\/06\/26\/6499fbf12aa4f.jpeg\" alt=\"Avatar del Onelio Dom\u00ednguez\"\/><\/figure>\n\n\n\n<p><strong><em>\u00a0<\/em>Onelio Dom\u00ednguez, Casta\u00f1uelas, Montecristi.<\/strong><\/p>\n\n\n\n<p id=\"m77574-77573-77575\">El municipio de Casta\u00f1uelas, en la provincia de Monte Cristi, permanece bajo agua tras el desbordamiento del r\u00edo Yaque del Norte, mientras las autoridades advierten que la situaci\u00f3n podr\u00eda agravarse en las pr\u00f3ximas horas debido a la continuidad de las lluvias en la regi\u00f3n.<\/p>\n\n\n\n<p id=\"m77579-77578-77580\">El alcalde Winston \u00c1lvarez inform\u00f3 que la crecida del afluente ha entrado hasta la parte c\u00e9ntrica del municipio, afectando viviendas y establecimientos comerciales.<\/p>\n\n\n\n<p id=\"m77584-77583-77585\">\u201cEl r\u00edo sali\u00f3 de su cauce de manera repentina, alcanzando unos 200 metros fuera de su nivel normal, lo que ha provocado inundaciones en casas y negocios cercanos\u201d, explic\u00f3.<\/p>\n\n\n\n<p id=\"m77589-77588-77590\">\u00c1lvarez indic\u00f3 que, aunque los organismos de emergencia se encuentran en la zona,&nbsp;<strong>el nivel del agua contin\u00faa en ascenso<\/strong>&nbsp;y a\u00fan no han comenzado a llegar las ayudas oficiales, pese a que la gobernadora provincial ya realiz\u00f3 el reporte correspondiente al Gobierno central.<\/p>\n\n\n\n<p id=\"m77594-77593-77595\">El alcalde precis\u00f3 que las lluvias registradas en la zona monta\u00f1osa de&nbsp;<strong>Santiago Rodr\u00edguez y Villa Los Alm\u00e1cigos<\/strong>&nbsp;contin\u00faan incidiendo directamente en el aumento del caudal del r\u00edo, lo que mantiene en alerta a las autoridades locales.<\/p>\n\n\n\n<p id=\"m77599-77598-77600\">En cuanto a la infraestructura, record\u00f3 que en varias ocasiones han denunciado el deterioro del puente sobre el r\u00edo Yaque del Norte.<\/p>\n\n\n\n<p id=\"m77604-77603-77605\">\u201cSabemos que est\u00e1 en proceso de licitaci\u00f3n, pero hasta el momento no tenemos informaci\u00f3n concreta sobre su intervenci\u00f3n\u201d, sostuvo.<\/p>\n\n\n\n<p id=\"m77609-77608-77610\">Seg\u00fan los reportes preliminares,&nbsp;<strong>m\u00e1s de 2,000 tareas sembradas de banano y arroz se encuentran bajo agua.<\/strong><\/p>\n\n\n\n<p id=\"m77614-77613-77615\">El alcalde hizo un llamado urgente a las autoridades nacionales para el env\u00edo de ayudas humanitarias destinadas a las familias afectadas.<\/p>\n\n\n\n<p id=\"m77619-77618-77620\">El director distrital de&nbsp;<strong>Palo Verde<\/strong>, Carlos Regino Reyes (Lucho Reyes), se\u00f1al\u00f3 que esa comunidad, considerada una de las m\u00e1s vulnerables de la provincia ante fen\u00f3menos atmosf\u00e9ricos, se mantiene en vigilancia constante.<\/p>\n\n\n\n<p id=\"m77624-77623-77625\">\u201cEstamos dando seguimiento a la crecida del r\u00edo y confiamos en que no se produzcan p\u00e9rdidas humanas. Ya tenemos da\u00f1os agr\u00edcolas, pero lo m\u00e1s importante es preservar vidas\u201d, expres\u00f3.<\/p>\n\n\n\n<p id=\"m77629-77628-77630\">Reyes indic\u00f3 que, junto a la Defensa Civil y los cuerpos de bomberos, se han activado los protocolos preventivos, especialmente en las zonas m\u00e1s propensas a inundaciones.<\/p>\n\n\n\n<p id=\"m77634-77633-77635\">Manifest\u00f3 su preocupaci\u00f3n ante el panorama en Casta\u00f1uelas, se\u00f1alando que, de mantenerse el aumento del caudal, Palo Verde tambi\u00e9n podr\u00eda verse afectado en las pr\u00f3ximas horas.<\/p>\n","protected":false},"excerpt":{"rendered":"<p>El alcalde hizo un llamado urgente a las autoridades nacionales para el env\u00edo de ayudas<\/p>\n","protected":false},"author":1,"featured_media":25839,"comment_status":"open","ping_status":"open","sticky":false,"template":"","format":"standard","meta":{"footnotes":""},"categories":[12],"tags":[],"class_list":["post-25838","post","type-post","status-publish","format-standard","has-post-thumbnail","hentry","category-nacionales"],"_links":{"self":[{"href":"https:\/\/samantharadionline.com\/index.php\/wp-json\/wp\/v2\/posts\/25838","targetHints":{"allow":["GET"]}}],"collection":[{"href":"https:\/\/samantharadionline.com\/index.php\/wp-json\/wp\/v2\/posts"}],"about":[{"href":"https:\/\/samantharadionline.com\/index.php\/wp-json\/wp\/v2\/types\/post"}],"author":[{"embeddable":true,"href":"https:\/\/samantharadionline.com\/index.php\/wp-json\/wp\/v2\/users\/1"}],"replies":[{"embeddable":true,"href":"https:\/\/samantharadionline.com\/index.php\/wp-json\/wp\/v2\/comments?post=25838"}],"version-history":[{"count":1,"href":"https:\/\/samantharadionline.com\/index.php\/wp-json\/wp\/v2\/posts\/25838\/revisions"}],"predecessor-version":[{"id":25840,"href":"https:\/\/samantharadionline.com\/index.php\/wp-json\/wp\/v2\/posts\/25838\/revisions\/25840"}],"wp:featuredmedia":[{"embeddable":true,"href":"https:\/\/samantharadionline.com\/index.php\/wp-json\/wp\/v2\/media\/25839"}],"wp:attachment":[{"href":"https:\/\/samantharadionline.com\/index.php\/wp-json\/wp\/v2\/media?parent=25838"}],"wp:term":[{"taxonomy":"category","embeddable":true,"href":"https:\/\/samantharadionline.com\/index.php\/wp-json\/wp\/v2\/categories?post=25838"},{"taxonomy":"post_tag","embeddable":true,"href":"https:\/\/samantharadionline.com\/index.php\/wp-json\/wp\/v2\/tags?post=25838"}],"curies":[{"name":"wp","href":"https:\/\/api.w.org\/{rel}","templated":true}]}}