{"id":25835,"date":"2026-04-30T08:43:55","date_gmt":"2026-04-30T12:43:55","guid":{"rendered":"https:\/\/samantharadionline.com\/?p=25835"},"modified":"2026-04-30T08:43:55","modified_gmt":"2026-04-30T12:43:55","slug":"ejercicio-militar-europeo-se-preparara-para-una-guerra-de-alta-intensidad","status":"publish","type":"post","link":"https:\/\/samantharadionline.com\/index.php\/2026\/04\/30\/ejercicio-militar-europeo-se-preparara-para-una-guerra-de-alta-intensidad\/","title":{"rendered":"Ejercicio militar europeo se preparara para una guerra de alta intensidad"},"content":{"rendered":"\n<p class=\"has-medium-font-size\"><em>El este de Francia acoge estos d\u00edas la fase final de la Operaci\u00f3n Ori\u00f3n 26, el mayor ejercicio militar realizado en Europa desde la Guerra Fr\u00eda que incluye miles de soldados, medios a\u00e9reos y terrestres. El objetivo es prepararse para conflictos cada vez m\u00e1s complejos, en un contexto estrat\u00e9gico marcado por la invasi\u00f3n rusa a Ucrania. Un reportaje de Raquel Villa\u00e9cija.<\/em><\/p>\n\n\n\n<p><strong>Por: Raquel Villa\u00e9cija<\/strong><\/p>\n\n\n\n<p>El helic\u00f3ptero de combate Caim\u00e1n acaba de despegar. Otras nueve aeronaves lo acompa\u00f1an en una misi\u00f3n concreta: aniquilar, mediante drones, las posiciones de un ej\u00e9rcito enemigo. No se trata de un ataque real, sino de un simulacro integrado en las maniobras de la Operaci\u00f3n Ori\u00f3n 26, considerado el mayor despliegue militar en Europa desde la Guerra Fr\u00eda. El ejercicio pretende entrenar a los ej\u00e9rcitos de la OTAN ante un escenario de guerra de alta intensidad.<\/p>\n\n\n\n<p>Hugo es piloto de combate del ej\u00e9rcito franc\u00e9s y explica c\u00f3mo se desarroll\u00f3 la operaci\u00f3n.<\/p>\n\n\n\n<p>\u00abLa misi\u00f3n se llev\u00f3 a cabo en varias fases. En primer lugar, el despegue de las diferentes patrullas de helic\u00f3pteros para realizar una infiltraci\u00f3n t\u00e1ctica. La aviaci\u00f3n ligera del ej\u00e9rcito cuenta con capacidades para vuelos t\u00e1cticos, camufl\u00e1ndose en el terreno y operando con seguridad\u00bb.<\/p>\n\n\n\n<p>Seg\u00fan relata, \u00abtodos los objetivos enemigos fueron destruidos en la zona de acci\u00f3n, antes de que las patrullas se reagruparan y regresaran conjuntamente a la base\u00bb.<\/p>\n\n\n\n<p>En este simulacro de ataque a\u00e9reo participaron tambi\u00e9n dos helic\u00f3pteros del Ej\u00e9rcito espa\u00f1ol. Al mando de uno de estos aparatos se encontraba el teniente Jos\u00e9 Antonio Ampuero, quien subraya la importancia de este tipo de ejercicios conjuntos.<\/p>\n\n\n\n<p>\u00abTenemos una situaci\u00f3n t\u00e1ctica simulada. Al final, nuestra misi\u00f3n es estar preparados para lo que sea. Este tipo de maniobras integradas con otros ej\u00e9rcitos nos ayuda mucho, sobre todo de cara al futuro: ganar fluidez, tener ya un pre-entrenamiento con el resto de pa\u00edses, saber c\u00f3mo trabajan ellos y c\u00f3mo adaptarnos a su maniobra, y que ellos se adapten a la nuestra\u00bb.<\/p>\n\n\n\n<p>En total, 12.500 soldados de una decena de pa\u00edses participan en estos ejercicios militares, que comenzaron en febrero y entran ahora en su fase final, prevista para prolongarse durante tres meses. Durante este tiempo se han simulado distintos escenarios de una guerra de alta intensidad, recreando condiciones lo m\u00e1s realistas posible.<\/p>\n\n\n\n<p>El teniente Manuel G\u00f3mez Lim\u00f3n, del Batall\u00f3n de Helic\u00f3pteros del Ej\u00e9rcito espa\u00f1ol, explica: \u00abEstamos constantemente con nuestros aliados entren\u00e1ndonos para estar listos si fuera necesario, listos para desplegar en cualquier momento y hacer en un escenario real lo mismo que estamos haciendo aqu\u00ed. Por eso intentamos que las condiciones sean lo m\u00e1s realistas posibles: tanto en las condiciones de vida como en la definici\u00f3n del plan t\u00e1ctico, enemigos, amigos, etc\u00e9tera. Son ejercicios necesarios porque nos permiten buscar sinergias muy importantes haciendo estos ejercicios conjuntos, aportando cada pa\u00eds sus capacidades, sus conocimientos y, por supuesto, sus medios y su personal. Cada vez es m\u00e1s vital una participaci\u00f3n internacional bien organizada y coordinada entre diferentes pa\u00edses\u00bb.<\/p>\n","protected":false},"excerpt":{"rendered":"<p>El este de Francia acoge estos d\u00edas la fase final de la Operaci\u00f3n Ori\u00f3n 26,<\/p>\n","protected":false},"author":1,"featured_media":25836,"comment_status":"open","ping_status":"open","sticky":false,"template":"","format":"standard","meta":{"footnotes":""},"categories":[4],"tags":[],"class_list":["post-25835","post","type-post","status-publish","format-standard","has-post-thumbnail","hentry","category-mundiales"],"_links":{"self":[{"href":"https:\/\/samantharadionline.com\/index.php\/wp-json\/wp\/v2\/posts\/25835","targetHints":{"allow":["GET"]}}],"collection":[{"href":"https:\/\/samantharadionline.com\/index.php\/wp-json\/wp\/v2\/posts"}],"about":[{"href":"https:\/\/samantharadionline.com\/index.php\/wp-json\/wp\/v2\/types\/post"}],"author":[{"embeddable":true,"href":"https:\/\/samantharadionline.com\/index.php\/wp-json\/wp\/v2\/users\/1"}],"replies":[{"embeddable":true,"href":"https:\/\/samantharadionline.com\/index.php\/wp-json\/wp\/v2\/comments?post=25835"}],"version-history":[{"count":1,"href":"https:\/\/samantharadionline.com\/index.php\/wp-json\/wp\/v2\/posts\/25835\/revisions"}],"predecessor-version":[{"id":25837,"href":"https:\/\/samantharadionline.com\/index.php\/wp-json\/wp\/v2\/posts\/25835\/revisions\/25837"}],"wp:featuredmedia":[{"embeddable":true,"href":"https:\/\/samantharadionline.com\/index.php\/wp-json\/wp\/v2\/media\/25836"}],"wp:attachment":[{"href":"https:\/\/samantharadionline.com\/index.php\/wp-json\/wp\/v2\/media?parent=25835"}],"wp:term":[{"taxonomy":"category","embeddable":true,"href":"https:\/\/samantharadionline.com\/index.php\/wp-json\/wp\/v2\/categories?post=25835"},{"taxonomy":"post_tag","embeddable":true,"href":"https:\/\/samantharadionline.com\/index.php\/wp-json\/wp\/v2\/tags?post=25835"}],"curies":[{"name":"wp","href":"https:\/\/api.w.org\/{rel}","templated":true}]}}