{"id":25832,"date":"2026-04-30T08:41:11","date_gmt":"2026-04-30T12:41:11","guid":{"rendered":"https:\/\/samantharadionline.com\/?p=25832"},"modified":"2026-04-30T08:41:11","modified_gmt":"2026-04-30T12:41:11","slug":"sarkozy-contradice-a-excolaborador-en-juicio-sobre-financiamiento-libio-de-su-campana","status":"publish","type":"post","link":"https:\/\/samantharadionline.com\/index.php\/2026\/04\/30\/sarkozy-contradice-a-excolaborador-en-juicio-sobre-financiamiento-libio-de-su-campana\/","title":{"rendered":"Sarkozy contradice a excolaborador en juicio sobre financiamiento libio de su campa\u00f1a"},"content":{"rendered":"\n<p class=\"has-medium-font-size\"><em>El expresidente de Francia, Nicolas Sarkozy, enfrenta un delicado proceso judicial: la acusaci\u00f3n de haber financiado su campa\u00f1a presidencial de 2007 con dinero del r\u00e9gimen del l\u00edder libio Muamar Gadafi. En el juicio de apelaci\u00f3n Sarkozy ha desmentido versiones de su antiguo aliado Claude Gu\u00e9ant.<\/em><\/p>\n\n\n\n<p>Por:RFI con AFP<\/p>\n\n\n\n<p>Anuncios<\/p>\n\n\n\n<p>El expresidente Sarkozy desminti\u00f3 este mi\u00e9rcoles a su antiguo hombre de confianza, Claude Gu\u00e9ant, cuyos escritos han debilitado su estrategia de defensa en un caso que mezcla presunta corrupci\u00f3n internacional, tensiones pol\u00edticas y una compleja relaci\u00f3n entre Francia y Libia en la d\u00e9cada de 2000.<\/p>\n\n\n\n<p>Sarkozy evit\u00f3 embargo cuestionar nuevamente la integridad de Gu\u00e9ant, un tema que hab\u00eda provocado su ruptura durante el juicio de apelaci\u00f3n por las acusaciones de financiaci\u00f3n libia de su campa\u00f1a.<\/p>\n\n\n\n<p>En su quinto d\u00eda declarando ante el tribunal, Sarkozy tom\u00f3 notas mientras el presidente de la sala, Olivier G\u00e9ron, le\u00eda dos testimonios escritos por quien fuera secretario general del El\u00edseo, ausente por motivos de salud. En este proceso, cuyo veredicto se espera para noviembre, Sarkozy, de 71 a\u00f1os, se juega mucho: su lugar en la historia, su honor como exmandatario y su libertad personal, tras haber pasado ya 20 d\u00edas en prisi\u00f3n.<\/p>\n\n\n\n<p>Condenado en primera instancia a cinco a\u00f1os de c\u00e1rcel firme por asociaci\u00f3n il\u00edcita, fue hallado culpable de haber permitido conscientemente que Claude Gu\u00e9ant y su aliado Brice Hortefeux negociaran una financiaci\u00f3n de su campa\u00f1a por parte de la Libia de Muamar Gadafi, a cambio de contrapartidas. Un supuesto \u201cpacto de corrupci\u00f3n\u201d que habr\u00eda sido sellado en 2005, pero que los tres implicados niegan.<\/p>\n\n\n\n<p>Entre esas contrapartidas, Gadafi habr\u00eda solicitado, en particular, el levantamiento de la orden de detenci\u00f3n internacional contra su cu\u00f1ado Abdallah Senoussi, n\u00famero dos del r\u00e9gimen, condenado a cadena perpetua por el atentado contra el vuelo DC-10 de UTA en 1989, que dej\u00f3 170 muertos.<\/p>\n\n\n\n<p>En sus escritos remitidos al tribunal, Claude Gu\u00e9ant, de 81 a\u00f1os, sigue negando que se haya llevado a cabo acci\u00f3n alguna para resolver la situaci\u00f3n judicial de Senoussi. No obstante, aporta un relato in\u00e9dito sobre una cena celebrada el 25 de julio de 2007 en Tr\u00edpoli, a la que Sarkozy, reci\u00e9n elegido presidente, acudi\u00f3 tras la liberaci\u00f3n de las enfermeras b\u00falgaras, en la que desempe\u00f1\u00f3 un papel clave.<\/p>\n\n\n\n<p>Seg\u00fan esa versi\u00f3n, al final de la cena Sarkozy habr\u00eda llamado a Gu\u00e9ant para que Gadafi le reiterara \u201cla preocupaci\u00f3n\u201d expresada sobre Senoussi. \u201cClaude, oc\u00fapese de esto\u201d, le habr\u00eda ordenado el entonces presidente.<\/p>\n\n\n\n<p>Sarkozy sostiene que, incluso si esa escena hubiera existido, tendr\u00eda poca relevancia. Pero insiste en que nunca ocurri\u00f3: \u201cLa \u00fanica vez que el se\u00f1or Gadafi me habl\u00f3 de Senoussi fue en 2005\u201d, cuando \u00e9l era ministro del Interior, y afirma haber rechazado la petici\u00f3n.<\/p>\n\n\n\n<p>Se trata, por tanto, de una desautorizaci\u00f3n a Gu\u00e9ant, aunque con cautela: esta vez no cuestion\u00f3 su honestidad. \u201cNo digo que el se\u00f1or Gu\u00e9ant mienta; su memoria ha evolucionado\u201d, afirm\u00f3.<\/p>\n\n\n\n<h2 class=\"wp-block-heading\"><strong>\u00abPara golpearse la cabeza contra la pared\u00bb&nbsp;<\/strong><\/h2>\n\n\n\n<p>Sarkozy reconoci\u00f3, no obstante, que cualquiera puede equivocarse, incluido \u00e9l mismo, al admitir un error: se hab\u00eda equivocado al asegurar que no conoc\u00eda cuatro viajes de Gu\u00e9ant a Libia entre 2008 y 2010.<\/p>\n\n\n\n<p>\u201cEsos viajes existieron\u201d, eran oficiales y fueron recogidos por la prensa, reconoci\u00f3 ahora, aunque rest\u00f3 importancia a los mismos, en una \u00e9poca en la que Libia hab\u00eda pasado a un segundo plano en la pol\u00edtica exterior francesa. Por ello, explic\u00f3, los hab\u00eda olvidado.<\/p>\n\n\n\n<p>El presidente del tribunal tambi\u00e9n le interrog\u00f3 sobre una caja fuerte de Gu\u00e9ant en un banco del centro de Par\u00eds: \u00bfserv\u00eda para almacenar dinero en efectivo procedente de fondos del Ministerio del Interior? \u201cNo lo creo, no puedo imaginarlo y no lo pienso\u201d, respondi\u00f3 Sarkozy, recordando adem\u00e1s que \u201cClaude Gu\u00e9ant tiene derecho a la presunci\u00f3n de inocencia\u201d.<\/p>\n\n\n\n<p>M\u00e1s all\u00e1 de las fisuras en su estrategia com\u00fan de defensa, el expresidente subray\u00f3 que ambos coinciden en lo esencial: no hubo dinero libio en su campa\u00f1a y \u201cjam\u00e1s, ni \u00e9l ni yo, quisimos hacer nada por Senoussi\u201d.<\/p>\n\n\n\n<p>Sarkozy record\u00f3 adem\u00e1s que durante su campa\u00f1a se posicion\u00f3 p\u00fablicamente en contra del poder presidencial de indulto, y asegur\u00f3 que el asunto Senoussi no se trat\u00f3 durante la visita de Gadafi a Par\u00eds en diciembre de 2007.<\/p>\n\n\n\n<p>En cuanto a Gu\u00e9ant, quien afirm\u00f3 haber prolongado el asunto Senoussi hasta 2009 y haber mantenido a los libios en la incertidumbre para no perjudicar unas relaciones diplom\u00e1ticas en reconstrucci\u00f3n, surge la duda de si inform\u00f3 de esas gestiones, aun sabiendo que estaban condenadas al fracaso. Pero Sarkozy reaccion\u00f3 con irritaci\u00f3n: \u201c\u00bfInformar de qu\u00e9? \u00a1No se hizo nada, es como para golpearse la cabeza contra la pared!\u201d.<\/p>\n","protected":false},"excerpt":{"rendered":"<p>El expresidente de Francia, Nicolas Sarkozy, enfrenta un delicado proceso judicial: la acusaci\u00f3n de haber<\/p>\n","protected":false},"author":1,"featured_media":25833,"comment_status":"open","ping_status":"open","sticky":false,"template":"","format":"standard","meta":{"footnotes":""},"categories":[4],"tags":[],"class_list":["post-25832","post","type-post","status-publish","format-standard","has-post-thumbnail","hentry","category-mundiales"],"_links":{"self":[{"href":"https:\/\/samantharadionline.com\/index.php\/wp-json\/wp\/v2\/posts\/25832","targetHints":{"allow":["GET"]}}],"collection":[{"href":"https:\/\/samantharadionline.com\/index.php\/wp-json\/wp\/v2\/posts"}],"about":[{"href":"https:\/\/samantharadionline.com\/index.php\/wp-json\/wp\/v2\/types\/post"}],"author":[{"embeddable":true,"href":"https:\/\/samantharadionline.com\/index.php\/wp-json\/wp\/v2\/users\/1"}],"replies":[{"embeddable":true,"href":"https:\/\/samantharadionline.com\/index.php\/wp-json\/wp\/v2\/comments?post=25832"}],"version-history":[{"count":1,"href":"https:\/\/samantharadionline.com\/index.php\/wp-json\/wp\/v2\/posts\/25832\/revisions"}],"predecessor-version":[{"id":25834,"href":"https:\/\/samantharadionline.com\/index.php\/wp-json\/wp\/v2\/posts\/25832\/revisions\/25834"}],"wp:featuredmedia":[{"embeddable":true,"href":"https:\/\/samantharadionline.com\/index.php\/wp-json\/wp\/v2\/media\/25833"}],"wp:attachment":[{"href":"https:\/\/samantharadionline.com\/index.php\/wp-json\/wp\/v2\/media?parent=25832"}],"wp:term":[{"taxonomy":"category","embeddable":true,"href":"https:\/\/samantharadionline.com\/index.php\/wp-json\/wp\/v2\/categories?post=25832"},{"taxonomy":"post_tag","embeddable":true,"href":"https:\/\/samantharadionline.com\/index.php\/wp-json\/wp\/v2\/tags?post=25832"}],"curies":[{"name":"wp","href":"https:\/\/api.w.org\/{rel}","templated":true}]}}