{"id":25829,"date":"2026-04-30T08:39:40","date_gmt":"2026-04-30T12:39:40","guid":{"rendered":"https:\/\/samantharadionline.com\/?p=25829"},"modified":"2026-04-30T08:39:41","modified_gmt":"2026-04-30T12:39:41","slug":"acusan-de-narcotrafico-al-gobernador-del-estado-mexicano-de-sinaloa","status":"publish","type":"post","link":"https:\/\/samantharadionline.com\/index.php\/2026\/04\/30\/acusan-de-narcotrafico-al-gobernador-del-estado-mexicano-de-sinaloa\/","title":{"rendered":"Acusan de narcotr\u00e1fico al gobernador del estado mexicano de Sinaloa"},"content":{"rendered":"\n<p class=\"has-medium-font-size\"><em>Rub\u00e9n Rocha Moya, de 76 a\u00f1os, se convierte en el pol\u00edtico de mayor rango en funciones en M\u00e9xico se\u00f1alado por nexos con el crimen organizado por la justicia de Estados Unidos. Exdiputado local y senador por Sinaloa, es miembro del partido oficialista Morena y gobierna el violento estado de Sinaloa desde 2021.<\/em><\/p>\n\n\n\n<p><strong>Por: RFI con AFP<\/strong><\/p>\n\n\n\n<p>La fiscal\u00eda federal de Nueva York inculp\u00f3 este mi\u00e9rcoles de narcotr\u00e1fico al gobernador del estado mexicano de Sinaloa, Rub\u00e9n Rocha Moya. Durante su gesti\u00f3n, Sinaloa se ha visto sacudida por las disputas entre dos facciones del c\u00e1rtel del mismo nombre.<\/p>\n\n\n\n<p>El gobernador apareci\u00f3 por la tarde en su camioneta en Culiac\u00e1n y asegur\u00f3 desde la ventana de su auto a la prensa local que est\u00e1 \u00abtranquilo trabajando por Sinaloa\u00bb, que no \u00abva a pasar nada\u00bb y que hasta este mi\u00e9rcoles no estaba enterado de las acusaciones en su contra.<\/p>\n\n\n\n<p>Antes dijo en su cuenta de X que las acusaciones \u00abcarecen de veracidad y fundamento alguno\u00bb.<\/p>\n\n\n\n<p>Se trata de un ataque \u00abal movimiento de la &#8216;Cuarta Transformaci\u00f3n'\u00bb, dijo en referencia al partido de la presidenta Claudia Sheinbaum.<\/p>\n\n\n\n<p>La fiscal\u00eda de Estados Unidos asegura que Rocha Moya y otros nueve \u00abantiguos o altos funcionarios del gobierno y de las fuerzas del orden\u00bb se asociaron con el C\u00e1rtel de Sinaloa \u00abpara distribuir enormes cantidades de narc\u00f3ticos en Estados Unidos\u00bb.<\/p>\n\n\n\n<p>A comienzos de la semana, en una entrevista a RFI, el profesor de la Universidad de Columbia, Edgardo Buscaglia, vaticinaba este tipo de anuncios por una necesidad de legitimarse de la actual administraci\u00f3n.&nbsp;<\/p>\n\n\n\n<p>\u00abTrump se est\u00e1 enfrentando a unas elecciones intermedias el pr\u00f3ximo noviembre, en las que puede perder las mayor\u00edas republicanas en el Congreso. Por eso tiene que mostrar rotundos triunfos en un \u00e1mbito en el que, hasta ahora, su administraci\u00f3n ha mostrado fracasos: m\u00e1s inflaci\u00f3n, el desastre en la guerra con Ir\u00e1n, la situaci\u00f3n con Israel. El mandatario estadounidense tiene que mostrar que controla la frontera con ejemplos clar\u00edsimos para sus electores. Tiene que mostrar que es un presidente fuerte, que va a impedir que el fentanilo, las drogas y los migrantes crucen de manera ilegal hacia Estados Unidos. Entonces, ante un Trump desesperado por mostrar \u00e9xitos de cara a las elecciones de noviembre, es muy posible que los conflictos pol\u00edticos contin\u00faen. Y yo le puedo anticipar, como primicia, que el gobierno norteamericano piensa activar causas importantes contra pol\u00edticos de primer nivel en M\u00e9xico\u00bb.<\/p>\n\n\n\n<h2 class=\"wp-block-heading\"><strong>Autoridades, infiltradas por c\u00e1rtel de Sinaloa&nbsp;&nbsp;<\/strong><\/h2>\n\n\n\n<p>Entre los funcionarios se\u00f1alados est\u00e1n tambi\u00e9n el senador por Morena, Enrique Inzunza; el presidente municipal de Culiac\u00e1n (capital estatal), Juan de Dios G\u00e1mez; el vicefiscal estatal, D\u00e1maso Castro, y el secretario de Administraci\u00f3n y Finanzas local, Enrique D\u00edaz Vega.<\/p>\n\n\n\n<p>Estas acusaciones se dan tras d\u00edas de reclamos entre los gobiernos de M\u00e9xico y Estados Unidos por la participaci\u00f3n de dos agentes de la CIA en un operativo antinarc\u00f3ticos en el vecino estado de Chihuahua, sin el consentimiento de autoridades mexicanas. Los agentes fallecieron en un accidente de tr\u00e1fico en territorio mexicano.<\/p>\n\n\n\n<p>Apenas la semana pasada, el embajador estadounidense en M\u00e9xico, Ronald Johnson, critic\u00f3 la corrupci\u00f3n en el pa\u00eds al inaugurar unas obras en Sinaloa.<\/p>\n\n\n\n<p>En Culiac\u00e1n, pobladores se\u00f1alaron que la posible colusi\u00f3n del gobernador con el crimen organizado explica la crisis de seguridad en el estado.<\/p>\n\n\n\n<p>En su primera respuesta, la canciller\u00eda mexicana se mostr\u00f3 sorprendida por la forma p\u00fablica en que se anunci\u00f3 la acusaci\u00f3n contra el gobernador, al se\u00f1alar que se viol\u00f3 la \u00abconfidencialidad\u00bb de los tratados entre M\u00e9xico y Estados Unidos.<\/p>\n\n\n\n<p>\u00abPor esta raz\u00f3n se enviar\u00e1 un extra\u00f1amiento\u00bb a la embajada estadounidense, dijo la canciller\u00eda en un comunicado.<\/p>\n\n\n\n<p>Sin mencionar expresamente a Rocha Moya, la canciller\u00eda dijo que el gobierno estadounidense present\u00f3 la tarde del martes solicitudes de extradici\u00f3n de \u00abdiversas personas\u00bb.<\/p>\n\n\n\n<p>Por su parte, la fiscal\u00eda general mexicana dijo que abri\u00f3 una investigaci\u00f3n para conocer si \u00abla acusaci\u00f3n hecha por las autoridades estadounidenses cuenta con fundamento legal\u00bb para solicitar \u00f3rdenes de aprehensi\u00f3n.<\/p>\n\n\n\n<p>&nbsp;A\u00f1adi\u00f3 que la solicitud de detenci\u00f3n provisional con fines de extradici\u00f3n de Estados Unidos \u00abno se acompa\u00f1a de elementos probatorios suficientes que aporten evidencias contundentes\u00bb.<\/p>\n\n\n\n<h2 class=\"wp-block-heading\"><strong>V\u00ednculos con los \u00abChapitos\u00bb&nbsp;<\/strong><\/h2>\n\n\n\n<p>La fiscal\u00eda de Nueva York se\u00f1ala que la facci\u00f3n de los hijos del fundador del c\u00e1rtel de Sinaloa, Joaqu\u00edn \u00abChapo\u00bb Guzm\u00e1n, conocida como \u00abLos Chapitos\u00bb, ayud\u00f3 a que Rocha Moya fuera electo a la gobernaci\u00f3n.<\/p>\n\n\n\n<p>\u00abA cambio, tanto antes como despu\u00e9s de convertirse en gobernador, Rocha Moya se reuni\u00f3 con los &#8216;Chapitos&#8217;, a quienes les prometi\u00f3 protecci\u00f3n mientras distribu\u00edan cantidades masivas de drogas a los Estados Unidos\u00bb, dice el documento.<\/p>\n\n\n\n<p>&nbsp;El \u00abChapo\u00bb purga cadena perpetua en Estados Unidos. Dos de sus hijos, exl\u00edderes de los \u00abChapitos\u00bb, tambi\u00e9n se encuentran presos en ese pa\u00eds.<\/p>\n","protected":false},"excerpt":{"rendered":"<p>Rub\u00e9n Rocha Moya, de 76 a\u00f1os, se convierte en el pol\u00edtico de mayor rango en<\/p>\n","protected":false},"author":1,"featured_media":25830,"comment_status":"open","ping_status":"open","sticky":false,"template":"","format":"standard","meta":{"footnotes":""},"categories":[4],"tags":[],"class_list":["post-25829","post","type-post","status-publish","format-standard","has-post-thumbnail","hentry","category-mundiales"],"_links":{"self":[{"href":"https:\/\/samantharadionline.com\/index.php\/wp-json\/wp\/v2\/posts\/25829","targetHints":{"allow":["GET"]}}],"collection":[{"href":"https:\/\/samantharadionline.com\/index.php\/wp-json\/wp\/v2\/posts"}],"about":[{"href":"https:\/\/samantharadionline.com\/index.php\/wp-json\/wp\/v2\/types\/post"}],"author":[{"embeddable":true,"href":"https:\/\/samantharadionline.com\/index.php\/wp-json\/wp\/v2\/users\/1"}],"replies":[{"embeddable":true,"href":"https:\/\/samantharadionline.com\/index.php\/wp-json\/wp\/v2\/comments?post=25829"}],"version-history":[{"count":1,"href":"https:\/\/samantharadionline.com\/index.php\/wp-json\/wp\/v2\/posts\/25829\/revisions"}],"predecessor-version":[{"id":25831,"href":"https:\/\/samantharadionline.com\/index.php\/wp-json\/wp\/v2\/posts\/25829\/revisions\/25831"}],"wp:featuredmedia":[{"embeddable":true,"href":"https:\/\/samantharadionline.com\/index.php\/wp-json\/wp\/v2\/media\/25830"}],"wp:attachment":[{"href":"https:\/\/samantharadionline.com\/index.php\/wp-json\/wp\/v2\/media?parent=25829"}],"wp:term":[{"taxonomy":"category","embeddable":true,"href":"https:\/\/samantharadionline.com\/index.php\/wp-json\/wp\/v2\/categories?post=25829"},{"taxonomy":"post_tag","embeddable":true,"href":"https:\/\/samantharadionline.com\/index.php\/wp-json\/wp\/v2\/tags?post=25829"}],"curies":[{"name":"wp","href":"https:\/\/api.w.org\/{rel}","templated":true}]}}