{"id":25819,"date":"2026-04-30T08:18:11","date_gmt":"2026-04-30T12:18:11","guid":{"rendered":"https:\/\/samantharadionline.com\/?p=25819"},"modified":"2026-04-30T08:18:11","modified_gmt":"2026-04-30T12:18:11","slug":"sin-docencia-para-montecristi-santiago-rodriguez-y-valverde-por-vaguada","status":"publish","type":"post","link":"https:\/\/samantharadionline.com\/index.php\/2026\/04\/30\/sin-docencia-para-montecristi-santiago-rodriguez-y-valverde-por-vaguada\/","title":{"rendered":"Sin docencia para Montecristi, Santiago Rodr\u00edguez y Valverde por vaguada"},"content":{"rendered":"\n<h2 class=\"wp-block-heading has-medium-font-size\"><em><strong>El Ministerio llam\u00f3 a la comunidad educativa a mantenerse atenta a los boletines oficiales y a seguir las orientaciones de los organismos de protecci\u00f3n civil<\/strong><\/em><\/h2>\n\n\n\n<p id=\"m112108-112107-112109\">El Ministerio de Educaci\u00f3n de la Rep\u00fablica Dominicana (MINERD) inform\u00f3 la suspensi\u00f3n de docencia para este jueves en las provincias de Montecristi, Santiago Rodr\u00edguez y Valverde, tras ser declaradas en alerta roja en el bolet\u00edn del Centro de Operaciones de Emergencias (COE) debido a las condiciones meteorol\u00f3gicas actuales.<\/p>\n\n\n\n<p id=\"m112113-112112-112114\">La cartera educativa indic\u00f3 a los directores regionales, distritales y de centros educativos a mantener medidas preventivas en las provincias en alerta amarilla que cuentan con zonas vulnerables, en funci\u00f3n de la evoluci\u00f3n de las condiciones clim\u00e1ticas.<\/p>\n\n\n\n<p id=\"m112118-112117-112119\">La entidad sostuvo que estas disposiciones incluyen la evaluaci\u00f3n continua de riesgos, as\u00ed como la potestad para suspender la docencia en \u00e1reas donde las condiciones climatol\u00f3gicas lo ameriten.<\/p>\n\n\n\n<p id=\"m112123-112122-112124\">El Ministerio llam\u00f3 a la comunidad educativa a mantenerse atenta a los boletines oficiales y a seguir las orientaciones de los organismos de protecci\u00f3n civil.<\/p>\n\n\n\n<p id=\"m112128-112127-112129\">Igualmente, record\u00f3 que, de acuerdo con el Centro de Operaciones de Emergencias (COE), la alerta roja se declara cuando existe un alto nivel de riesgo para la poblaci\u00f3n, ante la inminente ocurrencia de fen\u00f3menos adversos o cuando estos ya est\u00e1n impactando de manera significativa, lo que requiere la adopci\u00f3n inmediata de medidas de protecci\u00f3n.<\/p>\n\n\n\n<p id=\"m112133-112132-112134\">El COE establece que la alerta amarilla indica una situaci\u00f3n de riesgo moderado que puede escalar, por lo que se recomienda a la poblaci\u00f3n mantenerse atenta, y tomar precauciones.<\/p>\n\n\n\n<p id=\"m112138-112137-112139\">De igual forma, la alerta verde se emite ante la posibilidad de un evento adverso, lo que implica condiciones de vigilancia y seguimiento, sin que represente un peligro inmediato.<\/p>\n","protected":false},"excerpt":{"rendered":"<p>El Ministerio llam\u00f3 a la comunidad educativa a mantenerse atenta a los boletines oficiales y<\/p>\n","protected":false},"author":1,"featured_media":25820,"comment_status":"open","ping_status":"open","sticky":false,"template":"","format":"standard","meta":{"footnotes":""},"categories":[12],"tags":[],"class_list":["post-25819","post","type-post","status-publish","format-standard","has-post-thumbnail","hentry","category-nacionales"],"_links":{"self":[{"href":"https:\/\/samantharadionline.com\/index.php\/wp-json\/wp\/v2\/posts\/25819","targetHints":{"allow":["GET"]}}],"collection":[{"href":"https:\/\/samantharadionline.com\/index.php\/wp-json\/wp\/v2\/posts"}],"about":[{"href":"https:\/\/samantharadionline.com\/index.php\/wp-json\/wp\/v2\/types\/post"}],"author":[{"embeddable":true,"href":"https:\/\/samantharadionline.com\/index.php\/wp-json\/wp\/v2\/users\/1"}],"replies":[{"embeddable":true,"href":"https:\/\/samantharadionline.com\/index.php\/wp-json\/wp\/v2\/comments?post=25819"}],"version-history":[{"count":1,"href":"https:\/\/samantharadionline.com\/index.php\/wp-json\/wp\/v2\/posts\/25819\/revisions"}],"predecessor-version":[{"id":25821,"href":"https:\/\/samantharadionline.com\/index.php\/wp-json\/wp\/v2\/posts\/25819\/revisions\/25821"}],"wp:featuredmedia":[{"embeddable":true,"href":"https:\/\/samantharadionline.com\/index.php\/wp-json\/wp\/v2\/media\/25820"}],"wp:attachment":[{"href":"https:\/\/samantharadionline.com\/index.php\/wp-json\/wp\/v2\/media?parent=25819"}],"wp:term":[{"taxonomy":"category","embeddable":true,"href":"https:\/\/samantharadionline.com\/index.php\/wp-json\/wp\/v2\/categories?post=25819"},{"taxonomy":"post_tag","embeddable":true,"href":"https:\/\/samantharadionline.com\/index.php\/wp-json\/wp\/v2\/tags?post=25819"}],"curies":[{"name":"wp","href":"https:\/\/api.w.org\/{rel}","templated":true}]}}