{"id":25815,"date":"2026-04-29T21:12:10","date_gmt":"2026-04-30T01:12:10","guid":{"rendered":"https:\/\/samantharadionline.com\/?p=25815"},"modified":"2026-04-29T21:12:11","modified_gmt":"2026-04-30T01:12:11","slug":"la-principal-preocupacion-de-los-empresarios-son-los-combustibles","status":"publish","type":"post","link":"https:\/\/samantharadionline.com\/index.php\/2026\/04\/29\/la-principal-preocupacion-de-los-empresarios-son-los-combustibles\/","title":{"rendered":"La principal preocupaci\u00f3n de los empresarios son los combustibles"},"content":{"rendered":"\n<h2 class=\"wp-block-heading has-medium-font-size\"><em><strong>Al sostener un segundo encuentro con la comisi\u00f3n gubernamental designada por el presidente Luis Abinader, el presidente del Consejo Nacional de la Empresa Privada (Conep) indic\u00f3 que el alza de los combustibles ha sido el principal problema a enfrentar durante las \u00faltimas semanas.<\/strong><\/em><\/h2>\n\n\n\n<figure class=\"wp-block-image\"><img decoding=\"async\" src=\"https:\/\/listindiario.com\/files\/image_60_60\/uploads\/2023\/05\/16\/64638cfd2419c.jpeg\" alt=\"Avatar del Javier Flores\"\/><\/figure>\n\n\n\n<p><strong><em>\u00a0<\/em>Javier Flores, Santo Domingo, RD<\/strong><\/p>\n\n\n\n<p id=\"m39376-39375-39377\">El sector empresarial manifest\u00f3 que su principal preocupaci\u00f3n, con relaci\u00f3n al impacto en el pa\u00eds de la crisis producida por el conflicto b\u00e9lico entre Ir\u00e1n y Estados Unidos, ha sido el alza del precio de los combustibles debido a la inestabilidad del barril del petr\u00f3leo.<\/p>\n\n\n\n<p id=\"m39381-39380-39382\">Al sostener un segundo encuentro con la comisi\u00f3n gubernamental designada por el presidente Luis Abinader, el presidente del Consejo Nacional de la Empresa Privada (Conep) indic\u00f3 que el alza de los combustibles ha sido el principal problema a enfrentar durante las \u00faltimas semanas.<\/p>\n\n\n\n<p id=\"m39386-39385-39387\">\u00abHay una fluctuaci\u00f3n del barril de petr\u00f3leo entre 80 y 110 d\u00f3lares el barril que es la que se ha manifestado \u00faltimamente y el pa\u00eds, cada vez que avanza la crisis, pues tiene que adaptarse y ajustarse porque son precios que no controlamos aqu\u00ed\u00bb, se\u00f1al\u00f3 Marranzini a los medios de comunicaci\u00f3n, una vez culminado el encuentro.<\/p>\n\n\n\n<h3 class=\"wp-block-heading\">Gobierno insiste en \u00abaplicaci\u00f3n\u00bb del plan<\/h3>\n\n\n\n<p id=\"m39391-39390-39392\">El ministro de la Presidencia, Jos\u00e9 Ignacio Paliza, recalc\u00f3 que el Gobierno ha ido aplicando \u00abtoda la planificaci\u00f3n\u00bb que han podido implementar para mitigar los efectos de la crisis.<\/p>\n\n\n\n<p id=\"m39396-39395-39397\">Sin embargo, a pesar de la insistencia de la comisi\u00f3n gubernamental en la aplicaci\u00f3n y funcionamiento del mismo, hasta el momento sigue sin detallarse cu\u00e1l es ese plan y las medidas especiales que contiene, m\u00e1s all\u00e1 de los subsidios a los combustibles y los fertilizantes.<\/p>\n\n\n\n<h3 class=\"wp-block-heading\">Empresarios apoyan actuaci\u00f3n del Gobierno<\/h3>\n\n\n\n<p id=\"m39401-39400-39402\">Marranzini se\u00f1al\u00f3 que ellos conf\u00edan en la actuaci\u00f3n del Gobierno en el manejo de las pol\u00edticas monetaria y el plan para mitigar la crisis; al tiempo que resaltaron que el Poder Ejecutivo ha podido mantener \u00abel dinamismo\u00bb de la econom\u00eda dominicana y la \u00abrelativa\u00bb estabilidad de los precios de la canasta b\u00e1sica.<\/p>\n\n\n\n<p id=\"m39406-39405-39407\">\u00abEl sector privado tiene la confianza en el manejo de las finanzas p\u00fablicas y de la pol\u00edtica monetaria y eso es un gran alivio. El sector privado tiene la confianza de que saldremos airosos de esta crisis\u00bb, manifest\u00f3.<\/p>\n\n\n\n<h3 class=\"wp-block-heading\">Paliza destaca unidad nacional<\/h3>\n\n\n\n<p id=\"m39411-39410-39412\">Paliza aplaudi\u00f3 la actitud mostrada por los diferentes sectores de la sociedad dominicana, incluyendo a los partidos pol\u00edticos.<\/p>\n\n\n\n<p id=\"m39416-39415-39417\">\u00abHay que celebrar que en Rep\u00fablica Dominicana existe una buena relaci\u00f3n entre el sector privado y p\u00fablico, entre el sector empresarial y sindical, incluso entre los partidos pol\u00edticos porque frente a una crisis como esta, es un momento de unidad, un momento en el que hay que crear empat\u00edas, hay que crear sinergias y din\u00e1micas que nos ayuden a mantener nuestras metas\u00bb, exclam\u00f3 Paliza.<\/p>\n","protected":false},"excerpt":{"rendered":"<p>Al sostener un segundo encuentro con la comisi\u00f3n gubernamental designada por el presidente Luis Abinader,<\/p>\n","protected":false},"author":1,"featured_media":25816,"comment_status":"open","ping_status":"open","sticky":false,"template":"","format":"standard","meta":{"footnotes":""},"categories":[10],"tags":[],"class_list":["post-25815","post","type-post","status-publish","format-standard","has-post-thumbnail","hentry","category-economica"],"_links":{"self":[{"href":"https:\/\/samantharadionline.com\/index.php\/wp-json\/wp\/v2\/posts\/25815","targetHints":{"allow":["GET"]}}],"collection":[{"href":"https:\/\/samantharadionline.com\/index.php\/wp-json\/wp\/v2\/posts"}],"about":[{"href":"https:\/\/samantharadionline.com\/index.php\/wp-json\/wp\/v2\/types\/post"}],"author":[{"embeddable":true,"href":"https:\/\/samantharadionline.com\/index.php\/wp-json\/wp\/v2\/users\/1"}],"replies":[{"embeddable":true,"href":"https:\/\/samantharadionline.com\/index.php\/wp-json\/wp\/v2\/comments?post=25815"}],"version-history":[{"count":1,"href":"https:\/\/samantharadionline.com\/index.php\/wp-json\/wp\/v2\/posts\/25815\/revisions"}],"predecessor-version":[{"id":25817,"href":"https:\/\/samantharadionline.com\/index.php\/wp-json\/wp\/v2\/posts\/25815\/revisions\/25817"}],"wp:featuredmedia":[{"embeddable":true,"href":"https:\/\/samantharadionline.com\/index.php\/wp-json\/wp\/v2\/media\/25816"}],"wp:attachment":[{"href":"https:\/\/samantharadionline.com\/index.php\/wp-json\/wp\/v2\/media?parent=25815"}],"wp:term":[{"taxonomy":"category","embeddable":true,"href":"https:\/\/samantharadionline.com\/index.php\/wp-json\/wp\/v2\/categories?post=25815"},{"taxonomy":"post_tag","embeddable":true,"href":"https:\/\/samantharadionline.com\/index.php\/wp-json\/wp\/v2\/tags?post=25815"}],"curies":[{"name":"wp","href":"https:\/\/api.w.org\/{rel}","templated":true}]}}