{"id":25811,"date":"2026-04-29T16:41:43","date_gmt":"2026-04-29T20:41:43","guid":{"rendered":"https:\/\/samantharadionline.com\/?p=25811"},"modified":"2026-04-29T16:41:44","modified_gmt":"2026-04-29T20:41:44","slug":"acusaciones-contra-el-ejercito-de-peru-tras-la-muerte-de-cinco-jovenes-abatidos-por-soldados","status":"publish","type":"post","link":"https:\/\/samantharadionline.com\/index.php\/2026\/04\/29\/acusaciones-contra-el-ejercito-de-peru-tras-la-muerte-de-cinco-jovenes-abatidos-por-soldados\/","title":{"rendered":"Acusaciones contra el Ej\u00e9rcito de Per\u00fa tras la muerte de cinco j\u00f3venes abatidos por soldados"},"content":{"rendered":"\n<p class=\"has-medium-font-size\"><em>La muerte de cinco j\u00f3venes a manos del Ej\u00e9rcito el s\u00e1bado 25 de abril ha sacudido al Per\u00fa. Fueron abatidos en la regi\u00f3n de mayor producci\u00f3n de droga del pa\u00eds y la Fiscal\u00eda de Derechos Humanos investiga si hubo uso excesivo de fuerza. Seg\u00fan las Fuerzas Armadas, los j\u00f3venes transportaban estupefacientes y hubo un tiroteo durante el cual los soldados se defendieron. Los familiares aseguran, en cambio, que durante la investigaci\u00f3n no se encontraron ni armas ni drogas.<\/em><\/p>\n\n\n\n<p><strong>Por: Carlos Pizarro<\/strong><\/p>\n\n\n\n<p>Entre l\u00e1grimas y lamentos, los familiares de las cinco personas acribilladas por militares en el distrito de Colcabamba, en Huancavelica, claman por justicia. Sostienen que los j\u00f3venes regresaban de un partido de f\u00fatbol y rechazan las acusaciones de tr\u00e1fico de drogas difundidas por las Fuerzas Armadas.<\/p>\n\n\n\n<p>\u00abHubo&nbsp;el&nbsp;enfrentamiento&nbsp;armado,&nbsp;abrieron&nbsp;fuego&nbsp;en contra&nbsp;del&nbsp;personal&nbsp;de&nbsp;nuestras&nbsp;fuerzas&nbsp;armadas. Llevaban&nbsp;droga.&nbsp; \u00bfCu\u00e1nto&nbsp;es lo que le&nbsp;pagaba&nbsp;la&nbsp;organizaci\u00f3n&nbsp;criminal&nbsp;dedicada&nbsp;al&nbsp;tr\u00e1fico&nbsp;il\u00edcito&nbsp;de&nbsp;drogas?\u00bb, afirm\u00f3 en su momento un vocero del Ej\u00e9rcito.&nbsp;<\/p>\n\n\n\n<p>Ante tanto desconsuelo, los familiares de las victimas siguen movilizando a sus comunidades para reclamar justicia.<\/p>\n\n\n\n<blockquote class=\"wp-block-quote is-layout-flow wp-block-quote-is-layout-flow\">\n<p>Desde un primer momento se ha sabido que no hab\u00edan ni armas ni droga<\/p>\n<\/blockquote>\n\n\n\n<p>\u00abDesde un primer momento se ha sabido que no hab\u00edan ni armas ni droga. Eso es lo que ha quedado plasmado en el acta. Eso es lo que manda ac\u00e1. En las actas de intervenci\u00f3n, tanto de hallazgo como en la propia acta de intervenci\u00f3n, ah\u00ed indican expresamente que no sali\u00f3 ni armas ni drogas. Ellos indican que recibieron un disparo, dos disparos, cosa que no es cierta porque nunca se han encontrado armas en el carro. No estamos ante una leg\u00edtima defensa de ninguna manera si no se han encontrado armas. \u00bfDe qu\u00e9 leg\u00edtima defensa vamos a hablar?\u00bb, explica a RFI&nbsp;Antony Crespo, abogado representante de los damnificados.<\/p>\n\n\n\n<blockquote class=\"wp-block-quote is-layout-flow wp-block-quote-is-layout-flow\">\n<p>Han querido involucrar a los que pertenecen a un partido comunista, extremista, como Sendero Luminoso. Luego, que eran una organizaci\u00f3n criminal dedicada al tr\u00e1fico il\u00edcito de drogas<\/p>\n<\/blockquote>\n\n\n\n<p>\u00abPrimero han querido involucrar a los que pertenecen a un partido comunista, extremista, como Sendero Luminoso. Luego, que eran una organizaci\u00f3n criminal dedicada al tr\u00e1fico il\u00edcito de drogas, que eran un convoy que estaban transportando armas. Todo eso no son m\u00e1s que puros dichos, puras suspicacias por parte del ej\u00e9rcito\u00bb, prosigue el abogado.&nbsp;<\/p>\n\n\n\n<p>\u00abLo real y lo objetivo, lo concreto es que no se ha encontrado droga, que no se ha encontrado arma, que ninguno de los fallecidos tiene antecedentes. Son j\u00f3venes que van entre los 18 y 24 a\u00f1os, son j\u00f3venes los que han muerto, y no hay ni una sola excusa que al menos pueda sustentar esta ilegal intervenci\u00f3n\u00bb, concluye Crespo.<\/p>\n\n\n\n<h2 class=\"wp-block-heading\">Militares en libertad pese a que la investigaci\u00f3n contin\u00faa<\/h2>\n\n\n\n<p>Entretanto el Ministerio P\u00fablico mantiene abiertas las diligencias preliminares contra los ochos militares, que ya fueron liberados tras el vencimiento del plazo de flagrancia sin que se solicitasen medidas adicionales.<\/p>\n\n\n\n<p>As\u00ed lo explica el letrado Antony Crespo:&nbsp;\u00abPor una negligencia y responsabilidad de la fiscal, se venci\u00f3 el plazo. Nosotros le hicimos llegar, por favor, solicit\u00e1ndole que emita una detenci\u00f3n preliminar de hasta siete d\u00edas, porque se cumpl\u00edan con los presupuestos para solicitar una detenci\u00f3n preliminar, y la Fiscal\u00eda no lo ha querido hacer.&nbsp;<\/p>\n\n\n\n<p>La falta de resultados preliminares en estas pruebas fue determinante para que no se establecieran responsabilidades individuales en el corto plazo. Pese a la liberaci\u00f3n de los militares, la investigaci\u00f3n sigue en curso.<\/p>\n","protected":false},"excerpt":{"rendered":"<p>La muerte de cinco j\u00f3venes a manos del Ej\u00e9rcito el s\u00e1bado 25 de abril ha<\/p>\n","protected":false},"author":1,"featured_media":25812,"comment_status":"open","ping_status":"open","sticky":false,"template":"","format":"standard","meta":{"footnotes":""},"categories":[4],"tags":[],"class_list":["post-25811","post","type-post","status-publish","format-standard","has-post-thumbnail","hentry","category-mundiales"],"_links":{"self":[{"href":"https:\/\/samantharadionline.com\/index.php\/wp-json\/wp\/v2\/posts\/25811","targetHints":{"allow":["GET"]}}],"collection":[{"href":"https:\/\/samantharadionline.com\/index.php\/wp-json\/wp\/v2\/posts"}],"about":[{"href":"https:\/\/samantharadionline.com\/index.php\/wp-json\/wp\/v2\/types\/post"}],"author":[{"embeddable":true,"href":"https:\/\/samantharadionline.com\/index.php\/wp-json\/wp\/v2\/users\/1"}],"replies":[{"embeddable":true,"href":"https:\/\/samantharadionline.com\/index.php\/wp-json\/wp\/v2\/comments?post=25811"}],"version-history":[{"count":1,"href":"https:\/\/samantharadionline.com\/index.php\/wp-json\/wp\/v2\/posts\/25811\/revisions"}],"predecessor-version":[{"id":25813,"href":"https:\/\/samantharadionline.com\/index.php\/wp-json\/wp\/v2\/posts\/25811\/revisions\/25813"}],"wp:featuredmedia":[{"embeddable":true,"href":"https:\/\/samantharadionline.com\/index.php\/wp-json\/wp\/v2\/media\/25812"}],"wp:attachment":[{"href":"https:\/\/samantharadionline.com\/index.php\/wp-json\/wp\/v2\/media?parent=25811"}],"wp:term":[{"taxonomy":"category","embeddable":true,"href":"https:\/\/samantharadionline.com\/index.php\/wp-json\/wp\/v2\/categories?post=25811"},{"taxonomy":"post_tag","embeddable":true,"href":"https:\/\/samantharadionline.com\/index.php\/wp-json\/wp\/v2\/tags?post=25811"}],"curies":[{"name":"wp","href":"https:\/\/api.w.org\/{rel}","templated":true}]}}