{"id":25808,"date":"2026-04-29T16:31:37","date_gmt":"2026-04-29T20:31:37","guid":{"rendered":"https:\/\/samantharadionline.com\/?p=25808"},"modified":"2026-04-29T16:31:37","modified_gmt":"2026-04-29T20:31:37","slug":"sindicatos-de-santiago-se-movilizan-en-defensa-de-la-cesantia","status":"publish","type":"post","link":"https:\/\/samantharadionline.com\/index.php\/2026\/04\/29\/sindicatos-de-santiago-se-movilizan-en-defensa-de-la-cesantia\/","title":{"rendered":"Sindicatos de Santiago se movilizan en defensa de la cesant\u00eda"},"content":{"rendered":"\n<h2 class=\"wp-block-heading has-medium-font-size\"><em><strong>La organizaci\u00f3n record\u00f3 que la propuesta original surgi\u00f3 tras un prolongado proceso de di\u00e1logo entre trabajadores, empresarios y el Gobierno. No obstante, sostienen que en esta etapa se intenta introducir variaciones que distorsionan los acuerdos alcanzados<\/strong><\/em><\/h2>\n\n\n\n<p><strong>LD, Santiago, RD.<\/strong><\/p>\n\n\n\n<p id=\"m48908-48907-48909\">La Confederaci\u00f3n Nacional de Unidad Sindical (CNUS), liderada por Rafael Francisco Abreu Polanco, realiz\u00f3 este mi\u00e9rcoles una marcha en la zona monumental de Santiago para reiterar su rechazo a posibles cambios en la cesant\u00eda laboral, en medio del proceso de reforma del C\u00f3digo de Trabajo que se debate en el Congreso Nacional.<\/p>\n\n\n\n<p id=\"m48913-48912-48914\">Durante la jornada, representantes del sector sindical manifestaron inquietud por iniciativas que, seg\u00fan afirman, impulsan sectores empresariales junto a legisladores para&nbsp;<strong>modificar aspectos fundamentales del proyecto<\/strong>, el cual ha permanecido en discusi\u00f3n por m\u00e1s de un a\u00f1o.<\/p>\n\n\n\n<p id=\"m48918-48917-48919\">La organizaci\u00f3n record\u00f3 que la propuesta original surgi\u00f3 tras un prolongado proceso de&nbsp;<strong>di\u00e1logo entre trabajadores, empresarios y el Gobierno<\/strong>. No obstante, sostienen que en esta etapa se intenta introducir variaciones que distorsionan los acuerdos alcanzados.<\/p>\n\n\n\n<p id=\"m48923-48922-48924\">Entre los puntos m\u00e1s sensibles figura la cesant\u00eda laboral, derecho que contempla&nbsp;<strong>el pago de prestaciones al finalizar una relaci\u00f3n de trabajo<\/strong>. En ese contexto, cuestionaron la posible eliminaci\u00f3n del art\u00edculo 86, que sanciona a los empleadores que incumplan con estos pagos.<\/p>\n\n\n\n<p id=\"m48928-48927-48929\">Los dirigentes tambi\u00e9n se\u00f1alaron que la aprobaci\u00f3n de la reforma enfrenta retrasos y atribuyeron esta situaci\u00f3n a presiones de sectores interesados en modificar el contenido del proyecto. En ese sentido,&nbsp;<strong>reiteraron su oposici\u00f3n a cualquier medida que reduzca garant\u00edas laborales.<\/strong><\/p>\n\n\n\n<p id=\"m48933-48932-48934\">Asimismo, instaron a los actores involucrados a respetar lo pactado durante las negociaciones y evitar cambios que, a su juicio, afectar\u00edan derechos ya establecidos.<\/p>\n\n\n\n<p id=\"m48938-48937-48939\">Como parte de sus acciones, la CNUS anunci\u00f3 una concentraci\u00f3n para el pr\u00f3ximo D\u00eda Internacional de los Trabajadores en Santo Domingo, en el local&nbsp;<strong>Juan Erazo 14, as\u00ed como una movilizaci\u00f3n el 13 de mayo frente al Congreso Nacional,<\/strong>&nbsp;donde exigir\u00e1n que la reforma sea aprobada sin alteraciones en lo referente a la cesant\u00eda.<\/p>\n","protected":false},"excerpt":{"rendered":"<p>La organizaci\u00f3n record\u00f3 que la propuesta original surgi\u00f3 tras un prolongado proceso de di\u00e1logo entre<\/p>\n","protected":false},"author":1,"featured_media":25809,"comment_status":"open","ping_status":"open","sticky":false,"template":"","format":"standard","meta":{"footnotes":""},"categories":[12],"tags":[],"class_list":["post-25808","post","type-post","status-publish","format-standard","has-post-thumbnail","hentry","category-nacionales"],"_links":{"self":[{"href":"https:\/\/samantharadionline.com\/index.php\/wp-json\/wp\/v2\/posts\/25808","targetHints":{"allow":["GET"]}}],"collection":[{"href":"https:\/\/samantharadionline.com\/index.php\/wp-json\/wp\/v2\/posts"}],"about":[{"href":"https:\/\/samantharadionline.com\/index.php\/wp-json\/wp\/v2\/types\/post"}],"author":[{"embeddable":true,"href":"https:\/\/samantharadionline.com\/index.php\/wp-json\/wp\/v2\/users\/1"}],"replies":[{"embeddable":true,"href":"https:\/\/samantharadionline.com\/index.php\/wp-json\/wp\/v2\/comments?post=25808"}],"version-history":[{"count":1,"href":"https:\/\/samantharadionline.com\/index.php\/wp-json\/wp\/v2\/posts\/25808\/revisions"}],"predecessor-version":[{"id":25810,"href":"https:\/\/samantharadionline.com\/index.php\/wp-json\/wp\/v2\/posts\/25808\/revisions\/25810"}],"wp:featuredmedia":[{"embeddable":true,"href":"https:\/\/samantharadionline.com\/index.php\/wp-json\/wp\/v2\/media\/25809"}],"wp:attachment":[{"href":"https:\/\/samantharadionline.com\/index.php\/wp-json\/wp\/v2\/media?parent=25808"}],"wp:term":[{"taxonomy":"category","embeddable":true,"href":"https:\/\/samantharadionline.com\/index.php\/wp-json\/wp\/v2\/categories?post=25808"},{"taxonomy":"post_tag","embeddable":true,"href":"https:\/\/samantharadionline.com\/index.php\/wp-json\/wp\/v2\/tags?post=25808"}],"curies":[{"name":"wp","href":"https:\/\/api.w.org\/{rel}","templated":true}]}}