{"id":25805,"date":"2026-04-29T16:29:12","date_gmt":"2026-04-29T20:29:12","guid":{"rendered":"https:\/\/samantharadionline.com\/?p=25805"},"modified":"2026-04-29T16:29:12","modified_gmt":"2026-04-29T20:29:12","slug":"cualquier-posicion-individual-no-compromete-la-organizacion-del-prm","status":"publish","type":"post","link":"https:\/\/samantharadionline.com\/index.php\/2026\/04\/29\/cualquier-posicion-individual-no-compromete-la-organizacion-del-prm\/","title":{"rendered":"Cualquier posici\u00f3n individual no compromete la organizaci\u00f3n del PRM"},"content":{"rendered":"\n<h2 class=\"wp-block-heading has-medium-font-size\"><em><strong>Paliza reaccion\u00f3 a un tema que en los \u00faltimos d\u00edas ha ganado fuerzas en la opini\u00f3n p\u00fablica: una alianza entre el PRM y el Partido de la Liberaci\u00f3n Dominicana (PLD) con miras a elecciones de 2028<\/strong><\/em><\/h2>\n\n\n\n<p><br><strong>Santo Domingo, RD<\/strong><\/p>\n\n\n\n<p id=\"m97472-97471-97473\">l presidente del Partido Revolucionario Moderno (PRM), Jos\u00e9 Ignacio Paliza, afirm\u00f3 este mi\u00e9rcoles que la posici\u00f3n de la organizaci\u00f3n oficialista \u201ces clara y coherente\u201d en torno a las alianzas pol\u00edticas en tiempos electorales, al subrayar que esa decisi\u00f3n solo le \u201ccorresponde a la direcci\u00f3n nacional\u201d.<\/p>\n\n\n\n<p id=\"m97477-97476-97478\">Paliza reaccion\u00f3 en su cuenta de X a un tema que en los \u00faltimos d\u00edas ha ganado fuerzas en la opini\u00f3n p\u00fablica: una posible alianza entre el PRM y el Partido de la Liberaci\u00f3n Dominicana (PLD) con miras a elecciones de 2028.<\/p>\n\n\n\n<p id=\"m97482-97481-97483\">El dirigente pol\u00edtico, sin embargo, rechaz\u00f3 esa idea.<\/p>\n\n\n\n<p id=\"m97487-97486-97488\">\u201cNuestra pol\u00edtica de alianzas le corresponde a la direcci\u00f3n nacional; marcada por una visi\u00f3n pa\u00eds, en ideas y principios\u201d, escribi\u00f3 en la red social. \u201cCualquier posici\u00f3n individual no compromete a nuestra organizaci\u00f3n\u201d.<\/p>\n\n\n\n<p id=\"m97492-97491-97493\">Paliza agreg\u00f3 que el deber del PRM es \u201cseguir consolidando el cambio que demandan los dominicanos\u201d.<\/p>\n\n\n\n<p id=\"m97497-97496-97498\">Las declaraciones de Paliza se producen d\u00edas despu\u00e9s de que el presidente del PLD, Danilo Medina, descartara la posibilidad de una alianza electoral con el PRM. Dijo que el partido morado no ceder\u00e1 su fuerza pol\u00edtica a otras organizaciones en los comicios de 2028.<\/p>\n\n\n\n<p id=\"m97502-97501-97503\">\u201cQue nadie, absolutamente nadie, sue\u00f1e con el PLD. Y menos los que aplicaron la operaci\u00f3n tijera para destruirlo\u201d, afirm\u00f3 el expresidente de la Rep\u00fablica.&nbsp;<\/p>\n","protected":false},"excerpt":{"rendered":"<p>Paliza reaccion\u00f3 a un tema que en los \u00faltimos d\u00edas ha ganado fuerzas en la<\/p>\n","protected":false},"author":1,"featured_media":25806,"comment_status":"open","ping_status":"open","sticky":false,"template":"","format":"standard","meta":{"footnotes":""},"categories":[12],"tags":[],"class_list":["post-25805","post","type-post","status-publish","format-standard","has-post-thumbnail","hentry","category-nacionales"],"_links":{"self":[{"href":"https:\/\/samantharadionline.com\/index.php\/wp-json\/wp\/v2\/posts\/25805","targetHints":{"allow":["GET"]}}],"collection":[{"href":"https:\/\/samantharadionline.com\/index.php\/wp-json\/wp\/v2\/posts"}],"about":[{"href":"https:\/\/samantharadionline.com\/index.php\/wp-json\/wp\/v2\/types\/post"}],"author":[{"embeddable":true,"href":"https:\/\/samantharadionline.com\/index.php\/wp-json\/wp\/v2\/users\/1"}],"replies":[{"embeddable":true,"href":"https:\/\/samantharadionline.com\/index.php\/wp-json\/wp\/v2\/comments?post=25805"}],"version-history":[{"count":1,"href":"https:\/\/samantharadionline.com\/index.php\/wp-json\/wp\/v2\/posts\/25805\/revisions"}],"predecessor-version":[{"id":25807,"href":"https:\/\/samantharadionline.com\/index.php\/wp-json\/wp\/v2\/posts\/25805\/revisions\/25807"}],"wp:featuredmedia":[{"embeddable":true,"href":"https:\/\/samantharadionline.com\/index.php\/wp-json\/wp\/v2\/media\/25806"}],"wp:attachment":[{"href":"https:\/\/samantharadionline.com\/index.php\/wp-json\/wp\/v2\/media?parent=25805"}],"wp:term":[{"taxonomy":"category","embeddable":true,"href":"https:\/\/samantharadionline.com\/index.php\/wp-json\/wp\/v2\/categories?post=25805"},{"taxonomy":"post_tag","embeddable":true,"href":"https:\/\/samantharadionline.com\/index.php\/wp-json\/wp\/v2\/tags?post=25805"}],"curies":[{"name":"wp","href":"https:\/\/api.w.org\/{rel}","templated":true}]}}