{"id":25802,"date":"2026-04-29T16:26:36","date_gmt":"2026-04-29T20:26:36","guid":{"rendered":"https:\/\/samantharadionline.com\/?p=25802"},"modified":"2026-04-29T16:26:36","modified_gmt":"2026-04-29T20:26:36","slug":"el-cambio-de-shakira-tuve-que-reinventarme-por-completo-como-madre-proveedora-artista-mujer","status":"publish","type":"post","link":"https:\/\/samantharadionline.com\/index.php\/2026\/04\/29\/el-cambio-de-shakira-tuve-que-reinventarme-por-completo-como-madre-proveedora-artista-mujer\/","title":{"rendered":"El cambio de Shakira: \u201cTuve que reinventarme por completo. Como madre, proveedora, artista, mujer\u201d"},"content":{"rendered":"\n<h2 class=\"wp-block-heading has-medium-font-size\"><em><strong>En un art\u00edculo publicada por el diario brasile\u00f1o O Globo, la estrella pop reflexion\u00f3 sobre la solter\u00eda y la resiliencia tras el fin de su relaci\u00f3n de 12 a\u00f1os con Gerard Piqu\u00e9 y los problemas de salud de su padre.<\/strong><\/em><\/h2>\n\n\n\n<p><strong>LD, Santo Domingo, RD<\/strong><\/p>\n\n\n\n<p id=\"m105605-105604-105606\">El alcalde de R\u00edo,&nbsp;<strong>Eduardo Paes<\/strong>, confirm\u00f3 que la multipremiada artista&nbsp;<strong>Shakira<\/strong>&nbsp;protagonizar\u00e1 el emblem\u00e1tico espect\u00e1culo en la playa de Copacabana,&nbsp;<strong>\u201cTodo Mundo no Rio\u201d<\/strong>, que se espera atraiga a m\u00e1s de un mill\u00f3n de asistentes despu\u00e9s de las actuaciones de&nbsp;<strong>Madonna<\/strong>&nbsp;(2024) y&nbsp;<strong>Lady Gaga<\/strong>&nbsp;(2025), quienes reunieron a 1.5 millones y 2.1 millones de personas respectivamente.<\/p>\n\n\n\n<p id=\"m105610-105609-105611\">Con dicha presentaci\u00f3n, la cantante colombiana lograr\u00eda un nuevo hito en su prol\u00edfica carrera, no solo por la cantidad de espectadores que asistir\u00edan, sino por los desaf\u00edos personales que tuvo que enfrentar previo al momento hist\u00f3rico que est\u00e1 viviendo en el \u00e1mbito profesional.&nbsp;<\/p>\n\n\n\n<p id=\"m105615-105614-105616\">En un art\u00edculo&nbsp;publicada por el diario&nbsp;<strong>O Globo<\/strong>, la estrella pop reflexion\u00f3 sobre la solter\u00eda y la resiliencia tras el fin de su relaci\u00f3n de 12 a\u00f1os con&nbsp;<strong>Gerard Piqu\u00e9<\/strong>&nbsp;y los problemas de salud de su padre.<\/p>\n\n\n\n<p id=\"m105620-105619-105621\">\u00ab<strong>Necesitaba volver al d\u00eda en que todo lo que hab\u00eda construido se derrumb\u00f3<\/strong>. No fue un proceso largo, no hubo se\u00f1ales graduales. Fue una sola ma\u00f1ana en la que despert\u00e9 siendo una mujer diferente, con una vida diferente\u00bb, cont\u00f3.&nbsp;<\/p>\n\n\n\n<p id=\"m105625-105624-105626\">Se\u00f1al\u00f3 el significado de su gira<strong>&nbsp;\u00abLas mujeres ya no lloran\u00bb&nbsp;<\/strong>que, adem\u00e1s del \u00e9xito que ha logrado a pesar de los siete a\u00f1os que estuvo alejada de los escenarios, gener\u00f3 cr\u00edticas por su t\u00edtulo y las letras de las canciones que componen el \u00e1lbum hom\u00f3nimo.<\/p>\n\n\n\n<p id=\"m105630-105629-105631\">\u00abTuve que reinventarme por completo. Como madre, proveedora, artista, mujer. De este proceso de aprendizaje naci\u00f3 esta gira, Las mujeres ya no lloran.&nbsp;<strong>No es un grito de venganza ni una declaraci\u00f3n de victimismo.<\/strong>&nbsp;Es todo lo contrario: la serena constataci\u00f3n de que llorar ya no basta, hay hijos que mantener, facturas que pagar, vidas que construir. Y que es posible hacer todo esto con dignidad\u00bb, explic\u00f3.&nbsp;<\/p>\n\n\n\n<p id=\"m105635-105634-105636\">Destac\u00f3 lo complicado de ser madre soltera en&nbsp;Latinoam\u00e9rica y la importancia de la mujer brasile\u00f1a en el crecimiento&nbsp;socioecon\u00f3mico de ese pa\u00eds, por lo cual decidi\u00f3 dedicarles su concierto del 2 de mayo en R\u00edo de Janeiro, que se&nbsp;prev\u00e9 sea el de mayor n\u00famero de asistentes en sus 35 a\u00f1os de trayectoria.<\/p>\n\n\n\n<p id=\"m105640-105639-105641\">\u00abPorque las mujeres latinas han cambiado.&nbsp;<strong>Durante d\u00e9cadas, se las retrat\u00f3 como abnegadas, silenciosas y sumisas.&nbsp;<\/strong>Esa imagen est\u00e1 desfasada. La mujer latina de hoy ha decidido seguir adelante. Apoya al hogar, toma decisiones, lidera proyectos y cr\u00eda a sus hijos sola si es necesario. Sobre todo, sigue siendo el coraz\u00f3n de la casa, quien atesora el cari\u00f1o y los valores transmitidos a sus hijos, quien transforma la vida en una danza, incluso en los d\u00edas dif\u00edciles\u00bb, dijo.<\/p>\n\n\n\n<p id=\"m105645-105644-105646\">\u00abLuego llegu\u00e9 a Brasil.&nbsp;<strong>Descubr\u00ed que en este pa\u00eds, m\u00e1s de 40 millones de hogares est\u00e1n encabezados por mujeres&nbsp;<\/strong>que sostienen a sus familias con todas sus fuerzas. Estas mujeres contribuyen enormemente a la econom\u00eda del pa\u00eds, sin pedir permiso ni buscar protagonismo\u00bb, afirm\u00f3.<\/p>\n","protected":false},"excerpt":{"rendered":"<p>En un art\u00edculo publicada por el diario brasile\u00f1o O Globo, la estrella pop reflexion\u00f3 sobre<\/p>\n","protected":false},"author":1,"featured_media":25803,"comment_status":"open","ping_status":"open","sticky":false,"template":"","format":"standard","meta":{"footnotes":""},"categories":[11,220],"tags":[],"class_list":["post-25802","post","type-post","status-publish","format-standard","has-post-thumbnail","hentry","category-entretenimiento","category-entretenimiento-y-cultura"],"_links":{"self":[{"href":"https:\/\/samantharadionline.com\/index.php\/wp-json\/wp\/v2\/posts\/25802","targetHints":{"allow":["GET"]}}],"collection":[{"href":"https:\/\/samantharadionline.com\/index.php\/wp-json\/wp\/v2\/posts"}],"about":[{"href":"https:\/\/samantharadionline.com\/index.php\/wp-json\/wp\/v2\/types\/post"}],"author":[{"embeddable":true,"href":"https:\/\/samantharadionline.com\/index.php\/wp-json\/wp\/v2\/users\/1"}],"replies":[{"embeddable":true,"href":"https:\/\/samantharadionline.com\/index.php\/wp-json\/wp\/v2\/comments?post=25802"}],"version-history":[{"count":1,"href":"https:\/\/samantharadionline.com\/index.php\/wp-json\/wp\/v2\/posts\/25802\/revisions"}],"predecessor-version":[{"id":25804,"href":"https:\/\/samantharadionline.com\/index.php\/wp-json\/wp\/v2\/posts\/25802\/revisions\/25804"}],"wp:featuredmedia":[{"embeddable":true,"href":"https:\/\/samantharadionline.com\/index.php\/wp-json\/wp\/v2\/media\/25803"}],"wp:attachment":[{"href":"https:\/\/samantharadionline.com\/index.php\/wp-json\/wp\/v2\/media?parent=25802"}],"wp:term":[{"taxonomy":"category","embeddable":true,"href":"https:\/\/samantharadionline.com\/index.php\/wp-json\/wp\/v2\/categories?post=25802"},{"taxonomy":"post_tag","embeddable":true,"href":"https:\/\/samantharadionline.com\/index.php\/wp-json\/wp\/v2\/tags?post=25802"}],"curies":[{"name":"wp","href":"https:\/\/api.w.org\/{rel}","templated":true}]}}