{"id":25798,"date":"2026-04-29T12:01:11","date_gmt":"2026-04-29T16:01:11","guid":{"rendered":"https:\/\/samantharadionline.com\/?p=25798"},"modified":"2026-04-29T12:01:12","modified_gmt":"2026-04-29T16:01:12","slug":"avioneta-se-estrella-en-dajabon-rescatan-pilotos","status":"publish","type":"post","link":"https:\/\/samantharadionline.com\/index.php\/2026\/04\/29\/avioneta-se-estrella-en-dajabon-rescatan-pilotos\/","title":{"rendered":"Avioneta se estrella en Dajab\u00f3n; rescatan pilotos"},"content":{"rendered":"\n<p class=\"has-medium-font-size\"><em>Se inform\u00f3 que tanto el piloto como el copiloto fueron trasladados al centro m\u00e9dico Rosa Benita de la provincia de Dajab\u00f3n<\/em><\/p>\n\n\n\n<figure class=\"wp-block-image\"><img decoding=\"async\" src=\"https:\/\/listindiario.com\/files\/image_60_60\/uploads\/2023\/11\/24\/6560daaddb5fe.jpeg\" alt=\"Avatar del Goidy Reyes\"\/><\/figure>\n\n\n\n<p><strong><em>\u00a0<\/em>Goidy Reyes, Dajab\u00f3n, RD\u00a0<\/strong><\/p>\n\n\n\n<p id=\"m52665-52664-52666\">Una avioneta se accident\u00f3 este mi\u00e9rcoles en la base de la Fuerza A\u00e9rea en la provincia fronteriza Dajab\u00f3n, hecho que es investigado por las autoridades.<\/p>\n\n\n\n<p id=\"m52670-52669-52671\">Seg\u00fan se ha informado,<strong>&nbsp;Domingo An\u00edbal Medina<\/strong>, certificado como piloto de aviaciones privada,&nbsp; estaba pilotando la avioneta y \u00e9sta se accident\u00f3.<\/p>\n\n\n\n<p id=\"m52675-52674-52676\">El copiloto de la aernova fue identificado como Luis Manuel Carrasco, y aun no se tienen detalles de las lesiones que sufrieron.<\/p>\n\n\n\n<p id=\"m52680-52679-52681\">Se inform\u00f3 que tanto Medina como Carrasco fueron trasladados al centro m\u00e9dico Rosa Benita de la provincia de Dajab\u00f3n.<\/p>\n\n\n\n<p id=\"m52685-52684-52686\">Al lugar del accidente acudieron miembros del&nbsp;<strong>Cuerpo de Bomberos de Dajab\u00f3n.<\/strong><\/p>\n","protected":false},"excerpt":{"rendered":"<p>Se inform\u00f3 que tanto el piloto como el copiloto fueron trasladados al centro m\u00e9dico Rosa<\/p>\n","protected":false},"author":1,"featured_media":25799,"comment_status":"open","ping_status":"open","sticky":false,"template":"","format":"standard","meta":{"footnotes":""},"categories":[12],"tags":[],"class_list":["post-25798","post","type-post","status-publish","format-standard","has-post-thumbnail","hentry","category-nacionales"],"_links":{"self":[{"href":"https:\/\/samantharadionline.com\/index.php\/wp-json\/wp\/v2\/posts\/25798","targetHints":{"allow":["GET"]}}],"collection":[{"href":"https:\/\/samantharadionline.com\/index.php\/wp-json\/wp\/v2\/posts"}],"about":[{"href":"https:\/\/samantharadionline.com\/index.php\/wp-json\/wp\/v2\/types\/post"}],"author":[{"embeddable":true,"href":"https:\/\/samantharadionline.com\/index.php\/wp-json\/wp\/v2\/users\/1"}],"replies":[{"embeddable":true,"href":"https:\/\/samantharadionline.com\/index.php\/wp-json\/wp\/v2\/comments?post=25798"}],"version-history":[{"count":1,"href":"https:\/\/samantharadionline.com\/index.php\/wp-json\/wp\/v2\/posts\/25798\/revisions"}],"predecessor-version":[{"id":25800,"href":"https:\/\/samantharadionline.com\/index.php\/wp-json\/wp\/v2\/posts\/25798\/revisions\/25800"}],"wp:featuredmedia":[{"embeddable":true,"href":"https:\/\/samantharadionline.com\/index.php\/wp-json\/wp\/v2\/media\/25799"}],"wp:attachment":[{"href":"https:\/\/samantharadionline.com\/index.php\/wp-json\/wp\/v2\/media?parent=25798"}],"wp:term":[{"taxonomy":"category","embeddable":true,"href":"https:\/\/samantharadionline.com\/index.php\/wp-json\/wp\/v2\/categories?post=25798"},{"taxonomy":"post_tag","embeddable":true,"href":"https:\/\/samantharadionline.com\/index.php\/wp-json\/wp\/v2\/tags?post=25798"}],"curies":[{"name":"wp","href":"https:\/\/api.w.org\/{rel}","templated":true}]}}