{"id":25795,"date":"2026-04-29T11:58:26","date_gmt":"2026-04-29T15:58:26","guid":{"rendered":"https:\/\/samantharadionline.com\/?p=25795"},"modified":"2026-04-29T11:58:26","modified_gmt":"2026-04-29T15:58:26","slug":"planton-de-enfermeras-por-24-horas-en-busca-de-reivindicaciones","status":"publish","type":"post","link":"https:\/\/samantharadionline.com\/index.php\/2026\/04\/29\/planton-de-enfermeras-por-24-horas-en-busca-de-reivindicaciones\/","title":{"rendered":"Plant\u00f3n de enfermeras por 24 horas en busca de reivindicaciones"},"content":{"rendered":"\n<h2 class=\"wp-block-heading has-medium-font-size\"><strong><em>El paro de labores inici\u00f3 este mi\u00e9rcoles a las 8:00 de la ma\u00f1ana y se extender\u00e1 hasta las 8:00 de la ma\u00f1ana del jueves a nivel nacional en todos los hospitales p\u00fablicos y descentralizados del pa\u00eds.<\/em><\/strong><\/h2>\n\n\n\n<figure class=\"wp-block-image\"><img decoding=\"async\" src=\"https:\/\/listindiario.com\/files\/image_60_60\/uploads\/2025\/01\/25\/67959c045be4c.jpeg\" alt=\"Avatar del Lizbeth Chalas\"\/><\/figure>\n\n\n\n<p><strong><em>\u00a0<\/em>Lizbeth Chalas, Santo Domingo, RD\u00a0<\/strong><\/p>\n\n\n\n<p id=\"m96543-96542-96544\">Por 24 horas, diferentes gremios del \u00e1rea de enfermer\u00eda realizan plant\u00f3n a<strong>&nbsp;nivel nacional<\/strong>&nbsp;exigiendo el reconocimiento de sus reivindicaciones como anunciaron el pasado&nbsp;<strong>22 de abril<\/strong>.<\/p>\n\n\n\n<p id=\"m96548-96547-96549\">El&nbsp;<strong>Sindicato Nacional de Trabajadores de Enfermer\u00eda<\/strong>&nbsp;(Sinatrae), la Asociaci\u00f3n Nacional de Enfermer\u00eda (Asonaen), Uni\u00f3n Nacional de Servicios de Enfermer\u00eda (Unased), Codopen y Unasecas exigen la&nbsp;<strong>remuneraci\u00f3n del tiempo en servicio<\/strong>, los cambios de designaci\u00f3n o reclasificaci\u00f3n, la nivelaci\u00f3n de sueldos, la aplicaci\u00f3n de incentivos por distancia, pensiones completas para el personal que ha cumplido con los a\u00f1os de servicio y nombramientos de m\u00e1s enfermeras.<\/p>\n\n\n\n<p id=\"m96553-96552-96554\">\u201cEstamos&nbsp;<strong>reclamando nuestros derechos<\/strong>, ya tenemos mucho tiempo y a ustedes les consta. Estamos luchando por nuestras reivindicaciones, la firma de los acuerdos es lo \u00fanico que les estamos exigiendo, y hasta ahora&nbsp;<strong>nos han ignorado<\/strong>. Nos sentimos desprestigiadas, nos sentimos ignoradas, nos sentimos humilladas, porque nuestro presidente, las autoridades de salud hasta ahora no han respondido al&nbsp;<strong>llamado nuestro<\/strong>. Le han firmado, le han aplicado, le han entregado a otras l\u00edneas de salud, pero a enfermer\u00eda no. Entonces nosotras compartimos escenarios, trabajamos en el mismo lugar, pero con la diferencia de que nosotros somos los que ejecutamos. Si enfermer\u00eda no ejecuta una orden m\u00e9dica, no se aplica; no se administra, el paciente no se recupera; despu\u00e9s de Dios nosotros&nbsp;<strong>somos los que hacemos el trabajo pr\u00e1ctico<\/strong>, el trabajo t\u00e9cnico en las \u00e1reas\u201d, expres\u00f3 Ana Linares, vicepresidenta del Comit\u00e9 Ejecutivo de Enfermer\u00eda.<\/p>\n\n\n\n<p id=\"m96558-96557-96559\">Manifest\u00f3 que se encuentra este mi\u00e9rcoles en la explanada del&nbsp;<strong>Hospital General Doctor Moscoso Puello<\/strong>, exigiendo cuatro puntos de 14 que tienen pendientes de respuestas.<\/p>\n\n\n\n<p>PUBLICIDAD<\/p>\n\n\n\n<figure class=\"wp-block-image\" id=\"m96563-96562-96564\"><img decoding=\"async\" src=\"https:\/\/listindiario.com\/files\/vertical_main_image\/uploads\/2026\/04\/29\/69f216447be35.jpeg\" alt=\"Enfermeras realizan plat\u00f3n en la explanada del Hospital General Doctor Moscoso Puello.\"\/><figcaption class=\"wp-element-caption\">Enfermeras realizan plat\u00f3n en la explanada del Hospital General Doctor Moscoso Puello.Leonel Matos\/LD<\/figcaption><\/figure>\n\n\n\n<p id=\"m96575-96574-96576\">\u201cEstamos exigiendo&nbsp;<strong>pensiones completas&nbsp;<\/strong>para las enfermeras con m\u00e1s de&nbsp;<strong>30 a\u00f1os en servicio<\/strong>&nbsp;y m\u00e1s de&nbsp;<strong>70 a\u00f1os de edad<\/strong>, enfermas; enfermeras con c\u00e1ncer que la pensionan con pensiones de<strong>&nbsp;20 mil y 15 mil pesos<\/strong>. Tambi\u00e9n estamos exigiendo reclasificaci\u00f3n: tenemos enfermeras hasta con doctorados, trabajando como auxiliares. Y hoy estamos aqu\u00ed&nbsp;<strong>exigiendo un derecho<\/strong>. Estamos en pie de lucha el d\u00eda de hoy para que el presidente nos reciba. Ya no queremos vicepresidenta; ya no queremos ministros, porque cuando nos reunimos con ellos dicen que la \u00faltima palabra la tiene el presidente\u201d, expres\u00f3 Anyelo Santana, secretario de la juventud de Unased.<\/p>\n\n\n\n<p id=\"m96580-96579-96581\">Se\u00f1alaron que todas estas demandas las est\u00e1n realizando desde hace&nbsp;<strong>aproximadamente seis a\u00f1os<\/strong>, sin evidente \u00e9xito.<\/p>\n\n\n\n<p id=\"m96585-96584-96586\">El paro de labores inici\u00f3 este&nbsp;<strong>mi\u00e9rcoles a las 8:00<\/strong>&nbsp;de la ma\u00f1ana y se extender\u00e1 hasta las 8:00 de la ma\u00f1ana del jueves a nivel nacional en todos los hospitales p\u00fablicos y descentralizados del pa\u00eds.<\/p>\n\n\n\n<p id=\"m96590-96589-96591\">Mientras tanto, este grupo de enfermeras realiza este paro en la explanada del Hospital General Francisco E. Moscoso Puello, pronunciando consignas como\u201d.<\/p>\n\n\n\n<p id=\"m96595-96594-96596\">\u201cTodo ser humano, pasa por esta mano\u201d; \u201cY solo estamos calentando el brazo\u201d; \u201cy esta lucha ya lleg\u00f3, al Palacio Nacional\u201d; \u201cno es una limosna que estamos pidiendo, es nuestro derecho que estamos exigiendo\u201d, acompa\u00f1ados de pancartas.<\/p>\n","protected":false},"excerpt":{"rendered":"<p>El paro de labores inici\u00f3 este mi\u00e9rcoles a las 8:00 de la ma\u00f1ana y se<\/p>\n","protected":false},"author":1,"featured_media":25796,"comment_status":"open","ping_status":"open","sticky":false,"template":"","format":"standard","meta":{"footnotes":""},"categories":[12],"tags":[],"class_list":["post-25795","post","type-post","status-publish","format-standard","has-post-thumbnail","hentry","category-nacionales"],"_links":{"self":[{"href":"https:\/\/samantharadionline.com\/index.php\/wp-json\/wp\/v2\/posts\/25795","targetHints":{"allow":["GET"]}}],"collection":[{"href":"https:\/\/samantharadionline.com\/index.php\/wp-json\/wp\/v2\/posts"}],"about":[{"href":"https:\/\/samantharadionline.com\/index.php\/wp-json\/wp\/v2\/types\/post"}],"author":[{"embeddable":true,"href":"https:\/\/samantharadionline.com\/index.php\/wp-json\/wp\/v2\/users\/1"}],"replies":[{"embeddable":true,"href":"https:\/\/samantharadionline.com\/index.php\/wp-json\/wp\/v2\/comments?post=25795"}],"version-history":[{"count":1,"href":"https:\/\/samantharadionline.com\/index.php\/wp-json\/wp\/v2\/posts\/25795\/revisions"}],"predecessor-version":[{"id":25797,"href":"https:\/\/samantharadionline.com\/index.php\/wp-json\/wp\/v2\/posts\/25795\/revisions\/25797"}],"wp:featuredmedia":[{"embeddable":true,"href":"https:\/\/samantharadionline.com\/index.php\/wp-json\/wp\/v2\/media\/25796"}],"wp:attachment":[{"href":"https:\/\/samantharadionline.com\/index.php\/wp-json\/wp\/v2\/media?parent=25795"}],"wp:term":[{"taxonomy":"category","embeddable":true,"href":"https:\/\/samantharadionline.com\/index.php\/wp-json\/wp\/v2\/categories?post=25795"},{"taxonomy":"post_tag","embeddable":true,"href":"https:\/\/samantharadionline.com\/index.php\/wp-json\/wp\/v2\/tags?post=25795"}],"curies":[{"name":"wp","href":"https:\/\/api.w.org\/{rel}","templated":true}]}}