{"id":25789,"date":"2026-04-29T10:24:58","date_gmt":"2026-04-29T14:24:58","guid":{"rendered":"https:\/\/samantharadionline.com\/?p=25789"},"modified":"2026-04-29T10:24:59","modified_gmt":"2026-04-29T14:24:59","slug":"emiratos-arabes-unidos-se-retira-de-la-opep-mala-noticia-para-productores-latinoamericanos","status":"publish","type":"post","link":"https:\/\/samantharadionline.com\/index.php\/2026\/04\/29\/emiratos-arabes-unidos-se-retira-de-la-opep-mala-noticia-para-productores-latinoamericanos\/","title":{"rendered":"Emiratos \u00c1rabes Unidos se retira de la OPEP: \u00abMala noticia para productores latinoamericanos\u00bb"},"content":{"rendered":"\n<p class=\"has-medium-font-size\"><em>A partir del pr\u00f3ximo viernes 1\u00b0 de mayo, Emiratos \u00c1rabes Unidos no formar\u00e1 parte de la OPEP &#8211; la Organizaci\u00f3n de Pa\u00edses Exportadores de Petr\u00f3leo-, una decisi\u00f3n que tendr\u00e1 consecuencias no solo regionales, sino tambi\u00e9n para Am\u00e9rica Latina, seg\u00fan\u00a0Jorge Le\u00f3n, jefe de an\u00e1lisis geopol\u00edtico en la consultora Rystad Energy<\/em><\/p>\n\n\n\n<p><strong>Por: Melissa Barra<\/strong><\/p>\n\n\n\n<p>En medio de la crisis en el Golfo y de la par\u00e1lisis del estrat\u00e9gico estrecho de Ormuz, Emiratos \u00c1rabes Unidos sorprendi\u00f3 al anunciar este martes su retirada de la OPEP y de su extensi\u00f3n OPEP+. La decisi\u00f3n se produjo en un contexto de crecientes tensiones regionales y de bloqueo de una de las v\u00edas mar\u00edtimas m\u00e1s importantes para el tr\u00e1nsito de\u00a0petr\u00f3leo\u00a0mundial.<\/p>\n\n\n\n<p>Seg\u00fan Jorge Le\u00f3n, jefe de an\u00e1lisis geopol\u00edtico en la consultora Rystad Energy, las razones de este giro se ven\u00edan gestando desde hace a\u00f1os. En el plano geopol\u00edtico, se ha observado una creciente divisi\u00f3n entre Arabia Saudita y Emiratos \u00c1rabes Unidos. \u00abHemos visto en los \u00faltimos a\u00f1os discrepancias sobre la guerra de\u00a0Yemen\u00a0y sobre la reciente guerra en\u00a0Oriente Medio\u00bb, apunta Le\u00f3n.<\/p>\n\n\n\n<p>Mientras Abu Dabi se ha alineado de forma m\u00e1s clara con\u00a0Israel\u00a0y\u00a0Estados Unidos, Riad ha adoptado una postura m\u00e1s distante respecto a esa alianza, lo que ha acentuado la brecha entre los dos socios clave del Golfo.<\/p>\n\n\n\n<p>A ello se suma un componente econ\u00f3mico relevante. Emiratos \u00c1rabes Unidos est\u00e1 detr\u00e1s de una capacidad productiva de petr\u00f3leo muy superior a la que le permit\u00edan las cuotas fijadas por la OPEP. \u00abAntes de la guerra, la cuota emirat\u00ed rondaba los 3,5 millones de barriles diarios, nivel que coincid\u00eda con su producci\u00f3n efectiva. Sin embargo, el pa\u00eds dispone de una capacidad cercana a los 5 millones de barriles diarios\u00bb, explica el experto.<\/p>\n\n\n\n<h2 class=\"wp-block-heading\"><strong>Impacto a largo plazo<\/strong><\/h2>\n\n\n\n<p>Emiratos cuenta con un volumen considerable de capacidad ociosa, fruto de fuertes inversiones realizadas para aumentar su potencial de bombeo. Desde la \u00f3ptica de Abu Dabi, esta capacidad infrautilizada representa un coste elevado sin perspectivas claras de ser aprovechada en el marco de las restricciones del c\u00e1rtel.<\/p>\n\n\n\n<p>Ese pais es el tercer mayor productor de la OPEP y aporta alrededor del 10% del crudo. A pesar de la magnitud de la decisi\u00f3n, los mercados reaccionaron con calma: no se registr\u00f3 una ca\u00edda dr\u00e1stica en los precios.<\/p>\n\n\n\n<p>\u00abEl impacto inmediato ha sido pr\u00e1cticamente nulo porque el estrecho de Ormuz est\u00e1 cerrado. El precio del petr\u00f3leo pr\u00e1cticamente ni se movi\u00f3 con el anuncio\u00bb, dice Jorge Le\u00f3n. En estas condiciones, aunque Abu Dabi abandone este viernes la OPEP, no puede materializar de forma r\u00e1pida un aumento de producci\u00f3n, ya que no tiene la posibilidad f\u00edsica de exportar esos vol\u00famenes adicionales debido al bloqueo del paso mar\u00edtimo. \u00abNo puede sacar esas exportaciones\u00bb, subraya Le\u00f3n.&nbsp;<\/p>\n\n\n\n<h2 class=\"wp-block-heading\"><strong>Mayor competencia para Latinoam\u00e9rica<\/strong><\/h2>\n\n\n\n<p>El escenario cambiar\u00e1 cuando se reabra el estrecho. En ese momento se podr\u00e1 medir el impacto real de la decisi\u00f3n, ya que Emiratos \u00c1rabes Unidos tendr\u00e1 margen para elevar su producci\u00f3n y colocar m\u00e1s crudo en el mercado internacional.<\/p>\n\n\n\n<p>Jorge Le\u00f3n considera que, una vez restablecido el tr\u00e1nsito por Ormuz, \u00abs\u00ed que vamos a ver el impacto real de la decisi\u00f3n de Emiratos \u00c1rabes Unidos, que podr\u00e1 aumentar su producci\u00f3n\u00bb, lo que derivar\u00eda en precios del petr\u00f3leo algo m\u00e1s bajos que en el caso de que hubiera permanecido dentro de la OPEP.<\/p>\n\n\n\n<p>Este efecto de presi\u00f3n a la baja no ser\u00e1 favorable para los pa\u00edses productores, especialmente en Am\u00e9rica Latina. \u00abPara Estados cuya producci\u00f3n est\u00e1 creciendo r\u00e1pidamente \u2014como\u00a0Guyana,\u00a0Argentina\u00a0o Brasil\u2014, habr\u00e1 un aumento de la competencia por la llegada de mayores vol\u00famenes de crudo desde Oriente Medio\u00bb. Esto supone un desaf\u00edo para los ingresos de las econom\u00edas exportadoras emergentes de la regi\u00f3n.<\/p>\n","protected":false},"excerpt":{"rendered":"<p>A partir del pr\u00f3ximo viernes 1\u00b0 de mayo, Emiratos \u00c1rabes Unidos no formar\u00e1 parte de<\/p>\n","protected":false},"author":1,"featured_media":25790,"comment_status":"open","ping_status":"open","sticky":false,"template":"","format":"standard","meta":{"footnotes":""},"categories":[4],"tags":[],"class_list":["post-25789","post","type-post","status-publish","format-standard","has-post-thumbnail","hentry","category-mundiales"],"_links":{"self":[{"href":"https:\/\/samantharadionline.com\/index.php\/wp-json\/wp\/v2\/posts\/25789","targetHints":{"allow":["GET"]}}],"collection":[{"href":"https:\/\/samantharadionline.com\/index.php\/wp-json\/wp\/v2\/posts"}],"about":[{"href":"https:\/\/samantharadionline.com\/index.php\/wp-json\/wp\/v2\/types\/post"}],"author":[{"embeddable":true,"href":"https:\/\/samantharadionline.com\/index.php\/wp-json\/wp\/v2\/users\/1"}],"replies":[{"embeddable":true,"href":"https:\/\/samantharadionline.com\/index.php\/wp-json\/wp\/v2\/comments?post=25789"}],"version-history":[{"count":1,"href":"https:\/\/samantharadionline.com\/index.php\/wp-json\/wp\/v2\/posts\/25789\/revisions"}],"predecessor-version":[{"id":25791,"href":"https:\/\/samantharadionline.com\/index.php\/wp-json\/wp\/v2\/posts\/25789\/revisions\/25791"}],"wp:featuredmedia":[{"embeddable":true,"href":"https:\/\/samantharadionline.com\/index.php\/wp-json\/wp\/v2\/media\/25790"}],"wp:attachment":[{"href":"https:\/\/samantharadionline.com\/index.php\/wp-json\/wp\/v2\/media?parent=25789"}],"wp:term":[{"taxonomy":"category","embeddable":true,"href":"https:\/\/samantharadionline.com\/index.php\/wp-json\/wp\/v2\/categories?post=25789"},{"taxonomy":"post_tag","embeddable":true,"href":"https:\/\/samantharadionline.com\/index.php\/wp-json\/wp\/v2\/tags?post=25789"}],"curies":[{"name":"wp","href":"https:\/\/api.w.org\/{rel}","templated":true}]}}