{"id":25783,"date":"2026-04-29T09:18:41","date_gmt":"2026-04-29T13:18:41","guid":{"rendered":"https:\/\/samantharadionline.com\/?p=25783"},"modified":"2026-04-29T09:18:42","modified_gmt":"2026-04-29T13:18:42","slug":"el-futuro-primer-ministro-busca-un-desbloqueo-rapido-de-los-fondos-de-la-ue","status":"publish","type":"post","link":"https:\/\/samantharadionline.com\/index.php\/2026\/04\/29\/el-futuro-primer-ministro-busca-un-desbloqueo-rapido-de-los-fondos-de-la-ue\/","title":{"rendered":"\u00a0El futuro primer ministro busca un desbloqueo r\u00e1pido de los fondos de la UE"},"content":{"rendered":"\n<p class=\"has-medium-font-size\"><em>El futuro primer ministro h\u00fangaro, Peter Magyar, inicia este mi\u00e9rcoles en Bruselas una ofensiva diplom\u00e1tica con la que busca relanzar las relaciones con la Uni\u00f3n Europea y, al mismo tiempo, obtener resultados tangibles: entre ellos, un plan claro para recuperar miles de millones de euros en fondos destinados a Budapest y actualmente congelados por la UE.<\/em><\/p>\n\n\n\n<p><strong>Por: RFI con AFP<\/strong><\/p>\n\n\n\n<p>\u00abSabemos lo que tenemos que hacer: repatriar los fondos europeos a los que tienen derecho los h\u00fangaros\u00bb, escribi\u00f3 el primer ministro electo, Peter Magyar, antes de partir hacia Bruselas.<\/p>\n\n\n\n<p>\u00abEs pr\u00e1cticamente como si Hungr\u00eda volviera a unirse a la Uni\u00f3n Europea\u00bb, asegura el eurodiputado ecologista alem\u00e1n Daniel Freund a la AFP.<\/p>\n\n\n\n<p>La derrota de Viktor Orb\u00e1n en las elecciones h\u00fangaras del 12 de abril provoc\u00f3 un enorme alivio en la UE, que durante 16 a\u00f1os tuvo que lidiar con un jefe de Gobierno cercano a Vladimir Putin y Donald Trump, y que bloque\u00f3 una serie de expedientes, entre ellos el de Ucrania.<\/p>\n\n\n\n<p>Con la victoria aplastante de Peter Magyar, Hungr\u00eda, miembro de la UE desde 2004, ha \u00abretomado su camino europeo\u00bb, celebr\u00f3 Ursula von der Leyen. La presidenta de la Comisi\u00f3n Europea se reunir\u00e1 con el dirigente, de cuarenta y tantos a\u00f1os, a \u00faltima hora de la tarde.<\/p>\n\n\n\n<p>Uno de los asuntos m\u00e1s delicados son los 8.000 millones de euros en fondos destinados a Hungr\u00eda y congelados por la UE en el marco de diversos procedimientos abiertos contra las pol\u00edticas de Orb\u00e1n, en particular por cuestiones relacionadas con los derechos de las personas LGBT+, los solicitantes de asilo y situaciones de conflicto de intereses.<\/p>\n\n\n\n<p>Como gesto hacia el pr\u00f3ximo l\u00edder h\u00fangaro, y para asegurarse su apoyo en una serie de dossiers, Bruselas podr\u00eda mostrarse favorable a un desbloqueo r\u00e1pido de estos fondos.<\/p>\n\n\n\n<p>En un escenario similar, la UE desbloque\u00f3 miles de millones de euros destinados a Polonia tras las primeras garant\u00edas ofrecidas por el gobierno del primer ministro proeuropeo Donald Tusk en 2024.<\/p>\n\n\n\n<p>En declaraciones recientes, Peter Magyar se comprometi\u00f3 a actuar como un miembro leal de la UE y anunci\u00f3, entre otras medidas, su intenci\u00f3n de que el pa\u00eds se adhiera a la Fiscal\u00eda Europea. Tambi\u00e9n podr\u00eda derogar r\u00e1pidamente las leyes anti-LGBT+.<\/p>\n\n\n\n<p>\u00bfCasualidad o se\u00f1al de buena voluntad? El martes anunci\u00f3 su intenci\u00f3n de \u00aborganizar un encuentro\u00bb en junio con el presidente ucraniano Volod\u00edmir Zelenski, con quien Viktor Orb\u00e1n manten\u00eda relaciones muy deterioradas.<\/p>\n","protected":false},"excerpt":{"rendered":"<p>El futuro primer ministro h\u00fangaro, Peter Magyar, inicia este mi\u00e9rcoles en Bruselas una ofensiva diplom\u00e1tica<\/p>\n","protected":false},"author":1,"featured_media":25784,"comment_status":"open","ping_status":"open","sticky":false,"template":"","format":"standard","meta":{"footnotes":""},"categories":[4],"tags":[],"class_list":["post-25783","post","type-post","status-publish","format-standard","has-post-thumbnail","hentry","category-mundiales"],"_links":{"self":[{"href":"https:\/\/samantharadionline.com\/index.php\/wp-json\/wp\/v2\/posts\/25783","targetHints":{"allow":["GET"]}}],"collection":[{"href":"https:\/\/samantharadionline.com\/index.php\/wp-json\/wp\/v2\/posts"}],"about":[{"href":"https:\/\/samantharadionline.com\/index.php\/wp-json\/wp\/v2\/types\/post"}],"author":[{"embeddable":true,"href":"https:\/\/samantharadionline.com\/index.php\/wp-json\/wp\/v2\/users\/1"}],"replies":[{"embeddable":true,"href":"https:\/\/samantharadionline.com\/index.php\/wp-json\/wp\/v2\/comments?post=25783"}],"version-history":[{"count":1,"href":"https:\/\/samantharadionline.com\/index.php\/wp-json\/wp\/v2\/posts\/25783\/revisions"}],"predecessor-version":[{"id":25785,"href":"https:\/\/samantharadionline.com\/index.php\/wp-json\/wp\/v2\/posts\/25783\/revisions\/25785"}],"wp:featuredmedia":[{"embeddable":true,"href":"https:\/\/samantharadionline.com\/index.php\/wp-json\/wp\/v2\/media\/25784"}],"wp:attachment":[{"href":"https:\/\/samantharadionline.com\/index.php\/wp-json\/wp\/v2\/media?parent=25783"}],"wp:term":[{"taxonomy":"category","embeddable":true,"href":"https:\/\/samantharadionline.com\/index.php\/wp-json\/wp\/v2\/categories?post=25783"},{"taxonomy":"post_tag","embeddable":true,"href":"https:\/\/samantharadionline.com\/index.php\/wp-json\/wp\/v2\/tags?post=25783"}],"curies":[{"name":"wp","href":"https:\/\/api.w.org\/{rel}","templated":true}]}}