{"id":25780,"date":"2026-04-29T09:16:21","date_gmt":"2026-04-29T13:16:21","guid":{"rendered":"https:\/\/samantharadionline.com\/?p=25780"},"modified":"2026-04-29T09:16:22","modified_gmt":"2026-04-29T13:16:22","slug":"colombia-hace-un-llamado-a-salir-de-la-dependencia-del-petroleo-y-el-carbon","status":"publish","type":"post","link":"https:\/\/samantharadionline.com\/index.php\/2026\/04\/29\/colombia-hace-un-llamado-a-salir-de-la-dependencia-del-petroleo-y-el-carbon\/","title":{"rendered":"Colombia hace un llamado a salir de la dependencia del petr\u00f3leo y el carb\u00f3n"},"content":{"rendered":"\n<p class=\"has-medium-font-size\"><em>En Santa Marta medio centenar de pa\u00edses buscan respuestas ante el estancamiento de las negociaciones clim\u00e1ticas globales en la 1\u00aa Conferencia internacional sobre el futuro de las energ\u00edas f\u00f3siles que concluye este 29 de abril en esa ciudad del Caribe colombiano. El presidente Petro hizo un llamado urgente para abandonar la dependencia de petr\u00f3leo y carb\u00f3n, proponiendo un modelo de transici\u00f3n energ\u00e9tica que sirva de ejemplo para el resto del mundo.<\/em><\/p>\n\n\n\n<p><strong>Por:  RFI con AFP<\/strong><\/p>\n\n\n\n<p>En el id\u00edlico marco de la costa caribe\u00f1a, donde se pueden avistar barcos de carb\u00f3n en el horizonte, concluye este mi\u00e9rcoles la primera conferencia internacional dedicada a la transici\u00f3n hacia energ\u00edas m\u00e1s limpias. El origen de esta reuni\u00f3n es dar respuesta a los recientes fracasos de las COP para abordar de manera efectiva la crisis clim\u00e1tica. Una segunda edici\u00f3n est\u00e1 programada para el 2027, organizada esta vez por el Estado de Tuvalu en el Pac\u00edfico.<\/p>\n\n\n\n<p>El presidente Petro intervino la v\u00edspera en la primera sesi\u00f3n plenaria, enfatizando la necesidad de acelerar la transici\u00f3n energ\u00e9tica en un mundo azotado por crisis m\u00faltiples. \u00abNos empujan hacia la posibilidad de guerras generalizadas, hacia la extinci\u00f3n de la humanidad, una ruptura del sistema general del derecho internacional; eso es lo que denominamos barbarie. La barbarie es la creadora de los fascismos, es su forma de operar. Pero queremos ser un ejemplo\u00bb, destac\u00f3 el mandatario colombiano.<\/p>\n\n\n\n<p>Sin embargo, la situaci\u00f3n de Colombia no es del todo ideal, como se\u00f1ala Najet Benrabaa, corresponsal de RFI en Santa Marta. La econom\u00eda del pa\u00eds sudamericano sigue teniendo una alta dependencia del aprovechamiento de los recursos f\u00f3siles. \u00abColombia apenas posee el 0.5% de las reservas de petr\u00f3leo y el 0.05% de las de gas, aunque posee una cantidad significativa de carb\u00f3n. Las exportaciones de petr\u00f3leo y carb\u00f3n representan entre el 40 y el 50% de su econom\u00eda, al menos en 2022. No podemos depender de algo que no tenemos\u00bb, subray\u00f3 Andr\u00e9s G\u00f3mez, coordinador para Am\u00e9rica Latina de la iniciativa sobre la no proliferaci\u00f3n de combustibles f\u00f3siles.<\/p>\n\n\n\n<p>Es importante mencionar que la crisis energ\u00e9tica global provocada por el conflicto en el Medio Oriente no estaba contemplada el a\u00f1o pasado cuando Colombia y los Pa\u00edses Bajos anunciaron esta reuni\u00f3n como una alternativa a la par\u00e1lisis de las conferencias clim\u00e1ticas de la ONU. En las COP, la regla del consenso ha obstaculizado cualquier avance respecto al petr\u00f3leo, gas y carb\u00f3n, responsables desde el siglo XIX del calentamiento global.<\/p>\n\n\n\n<p>La reciente alza en los precios del petr\u00f3leo desde marzo ha brindado un nuevo motivo para celebrar esta conferencia en Santa Marta. Delegaciones de naciones europeas, as\u00ed como de Nigeria, Canad\u00e1, Angola y Brasil, han asistido. Sin embargo, los principales emisores de gas de efecto invernadero \u2014Estados Unidos, China, India\u2014 y los pa\u00edses del Golfo no est\u00e1n presentes.<\/p>\n\n\n\n<p>La exministra colombiana de Medio Ambiente, Susana Muhamad, sostuvo que este tipo de conferencias y su periodicidad tendr\u00e1n un impacto tanto a corto como a largo plazo, especialmente en el contexto del conflicto en el Medio Oriente. \u00abEs un momento absolutamente hist\u00f3rico, especialmente dada la situaci\u00f3n geopol\u00edtica actual. Estos Estados se unen bajo la consigna \u2018la transici\u00f3n m\u00e1s all\u00e1 de las energ\u00edas f\u00f3siles\u2019, y este tema puede convertirse en un contrapeso frente al gobierno estadounidense actual. Si mantenemos firme nuestra intenci\u00f3n de avanzar en la transici\u00f3n energ\u00e9tica, esto podr\u00eda tener repercusiones geopol\u00edticas reales\u00bb, afirm\u00f3 a RFI.<\/p>\n\n\n\n<p>\u00abYo siento que aqu\u00ed estamos sembrando una semilla. Y cuando la crisis energ\u00e9tica mundial provocada por Estados Unidos se agudice, cuando los efectos econ\u00f3micos comiencen a notarse en la inflaci\u00f3n, en la alimentaci\u00f3n y el acceso a la energ\u00eda, y todo esto se combine con el fen\u00f3meno de El Ni\u00f1o pronosticado para el segundo semestre, recordaremos a estos pa\u00edses y al espacio pol\u00edtico que han logrado crear\u00bb, concluy\u00f3. Desde su creaci\u00f3n hace dos a\u00f1os, el tratado ha sido firmado por 18 pa\u00edses, entre ellos Pakist\u00e1n, Camboya y Colombia.<\/p>\n","protected":false},"excerpt":{"rendered":"<p>En Santa Marta medio centenar de pa\u00edses buscan respuestas ante el estancamiento de las negociaciones<\/p>\n","protected":false},"author":1,"featured_media":25781,"comment_status":"open","ping_status":"open","sticky":false,"template":"","format":"standard","meta":{"footnotes":""},"categories":[4],"tags":[],"class_list":["post-25780","post","type-post","status-publish","format-standard","has-post-thumbnail","hentry","category-mundiales"],"_links":{"self":[{"href":"https:\/\/samantharadionline.com\/index.php\/wp-json\/wp\/v2\/posts\/25780","targetHints":{"allow":["GET"]}}],"collection":[{"href":"https:\/\/samantharadionline.com\/index.php\/wp-json\/wp\/v2\/posts"}],"about":[{"href":"https:\/\/samantharadionline.com\/index.php\/wp-json\/wp\/v2\/types\/post"}],"author":[{"embeddable":true,"href":"https:\/\/samantharadionline.com\/index.php\/wp-json\/wp\/v2\/users\/1"}],"replies":[{"embeddable":true,"href":"https:\/\/samantharadionline.com\/index.php\/wp-json\/wp\/v2\/comments?post=25780"}],"version-history":[{"count":1,"href":"https:\/\/samantharadionline.com\/index.php\/wp-json\/wp\/v2\/posts\/25780\/revisions"}],"predecessor-version":[{"id":25782,"href":"https:\/\/samantharadionline.com\/index.php\/wp-json\/wp\/v2\/posts\/25780\/revisions\/25782"}],"wp:featuredmedia":[{"embeddable":true,"href":"https:\/\/samantharadionline.com\/index.php\/wp-json\/wp\/v2\/media\/25781"}],"wp:attachment":[{"href":"https:\/\/samantharadionline.com\/index.php\/wp-json\/wp\/v2\/media?parent=25780"}],"wp:term":[{"taxonomy":"category","embeddable":true,"href":"https:\/\/samantharadionline.com\/index.php\/wp-json\/wp\/v2\/categories?post=25780"},{"taxonomy":"post_tag","embeddable":true,"href":"https:\/\/samantharadionline.com\/index.php\/wp-json\/wp\/v2\/tags?post=25780"}],"curies":[{"name":"wp","href":"https:\/\/api.w.org\/{rel}","templated":true}]}}