{"id":25770,"date":"2026-04-29T09:04:30","date_gmt":"2026-04-29T13:04:30","guid":{"rendered":"https:\/\/samantharadionline.com\/?p=25770"},"modified":"2026-04-29T09:04:30","modified_gmt":"2026-04-29T13:04:30","slug":"asisten-al-60-de-ninos-con-diabetes-del-pais","status":"publish","type":"post","link":"https:\/\/samantharadionline.com\/index.php\/2026\/04\/29\/asisten-al-60-de-ninos-con-diabetes-del-pais\/","title":{"rendered":"Asisten al 60% de ni\u00f1os con diabetes del pa\u00eds"},"content":{"rendered":"\n<p class=\"has-medium-font-size\"><em>Explica que esto se debe a que el hospital cuenta con terapia intensiva y terapia intermedia, y este tipo de pacientes necesitan de una unidad especializada. Asimismo, se\u00f1al\u00f3 que los ni\u00f1os que son trasladados al Hugo Mendoza provienen de centros y cl\u00ednicas privadas y del interior del pa\u00eds.<\/em><\/p>\n\n\n\n<p><strong>Lizbeth Chalas, Santo Domingo, RD<\/strong><\/p>\n\n\n\n<p id=\"m85954-85953-85955\"><strong>La subdirectora m\u00e9dica<\/strong>&nbsp;del Hospital Pedi\u00e1trico Doctor Hugo Mendoza, doctora&nbsp;<strong>Francia Lapaix,<\/strong>&nbsp;inform\u00f3 que ese centro de salud&nbsp;<strong>maneja alrededor del 60% de ni\u00f1os<\/strong>&nbsp;<strong>que viven con diabetes en el pa\u00eds.<\/strong><\/p>\n\n\n\n<p id=\"m85959-85958-85960\">Explica que esto se debe a que el hospital cuenta con terapia intensiva y terapia intermedia, y este tipo de pacientes necesitan de una unidad especializada. Asimismo, se\u00f1al\u00f3 que los ni\u00f1os que son trasladados al Hugo Mendoza provienen de centros y cl\u00ednicas privadas y del interior del pa\u00eds.<\/p>\n\n\n\n<p id=\"m85964-85963-85965\">\u201cAqu\u00ed muy frecuentemente tenemos alta demanda en ese&nbsp;<strong>servicio de endocrinolog\u00eda pedi\u00e1trica,<\/strong>&nbsp;y es muy frecuente la cetoacidosis diab\u00e9tica (complicaci\u00f3n caracterizada por niveles altos de az\u00facar en sangre, acidez sangu\u00ednea y cetonas elevadas), por un mal control de la enfermedad\u201d, dijo.<\/p>\n\n\n\n<p id=\"m85969-85968-85970\">\u201cTenemos muchos pacientes diab\u00e9ticos.&nbsp;<strong>Es una enfermedad que va en incremento<\/strong>, y llegan aqu\u00ed con descontrol de la enfermedad. Esos pacientes as\u00ed necesitan un cuidado m\u00e1s especial y ellos van a la terapia intensiva porque necesitan manejo de l\u00edquido, infusi\u00f3n de insulina y monitorizaci\u00f3n, debido a que llegan al centro m\u00e9dico con la cetoacidosis, que eso pone en riesgo la vida del ni\u00f1o\u201d, explic\u00f3 Lapaix.<\/p>\n\n\n\n<p>PUBLICIDAD<\/p>\n\n\n\n<p id=\"m85974-85973-85975\">Informa que el tipo de diabetes m\u00e1s com\u00fan en ni\u00f1os es la&nbsp;<strong>mellitus 1,<\/strong>&nbsp;<strong>que es insulinodependiente,<\/strong>&nbsp;y se\u00f1ala que esta enfermedad no es cong\u00e9nita, por lo que los ni\u00f1os no nacen con diabetes, sino que la adquieren por factores externos y gen\u00e9ticos desencadenantes.<\/p>\n\n\n\n<p id=\"m85979-85978-85980\">\u201cPuede ser por factores ambientales, la alimentaci\u00f3n, por lo que es importante que el ni\u00f1o se chequee mensualmente, vaya al pediatra, por lo menos por el primer a\u00f1o de vida. Es vital que vaya a una consulta de peso y talla para ir detectando cualquier tipo de enfermedad que pueda ese paciente presentar\u201d, manifest\u00f3.<\/p>\n\n\n\n<h3 class=\"wp-block-heading\">actividad f\u00edsica<\/h3>\n\n\n\n<p id=\"m85984-85983-85985\">Se\u00f1ala que el sedentarismo tambi\u00e9n puede influir en el diagn\u00f3stico de esta enfermedad en ni\u00f1os debido a que puede llevar a desencadenar hipertensi\u00f3n arterial, obesidad y otras enfermedades similares.<\/p>\n\n\n\n<p id=\"m85989-85988-85990\">\u201cNo es como antes que jug\u00e1bamos mucho y corr\u00edamos por los patios, ahora el ni\u00f1o est\u00e1 con una tableta, con una vida muy sedentaria y eso contribuye a que se alteren todos esos factores y m\u00e1s si tenemos factores de riesgo de los padres, eso puede influenciar en el desarrollo de hipertensi\u00f3n y de diabetes tambi\u00e9n\u201d, explica.<\/p>\n\n\n\n<p id=\"m85994-85993-85995\">Lapaix recomienda adem\u00e1s de la actividad f\u00edsica en ni\u00f1os, la medicina preventiva:&nbsp;<strong>chequeos m\u00e9dicos<\/strong>&nbsp;de los infantes desde que nacen (consulta de ni\u00f1os sanos) y la buena alimentaci\u00f3n.<\/p>\n\n\n\n<p id=\"m85999-85998-86000\">El primer a\u00f1o de vida es fundamental que ellos se chequen en consulta de ni\u00f1os sanos; incentivar lo que es el deporte y la buena alimentaci\u00f3n desde el inicio, no despu\u00e9s que ya esos factores est\u00e9n alterados.<\/p>\n\n\n\n<h3 class=\"wp-block-heading\">diabetes tipo 1<\/h3>\n\n\n\n<p id=\"m86004-86003-86005\"><strong>La diabetes tipo 1<\/strong>&nbsp;es una enfermedad causada por&nbsp;<strong>un alto nivel de az\u00facar&nbsp;<\/strong>(glucosa) en la sangre. Se diagnostica con mayor frecuencia en ni\u00f1os, adolescentes o adultos j\u00f3venes.<\/p>\n\n\n\n<p id=\"m86009-86008-86010\">Los primeros s\u00edntomas de la enfermedad son<strong>&nbsp;estar sediento, sentirse hambriento, cansancio a toda hora, visi\u00f3n borrosa,<\/strong>&nbsp;entumecimiento u hormigueo y orinar con frecuencia.<\/p>\n\n\n\n<p id=\"m86014-86013-86015\">El hospital, que forma parte de la Ciudad de la Salud, ubicado en Villa Mella, municipio Santo Domingo Norte, recibe 400 pacientes diariamente y tiene una ocupaci\u00f3n de un 80% a un 90%, de las 140 camas que dispone el centro.<\/p>\n","protected":false},"excerpt":{"rendered":"<p>Explica que esto se debe a que el hospital cuenta con terapia intensiva y terapia<\/p>\n","protected":false},"author":1,"featured_media":25771,"comment_status":"open","ping_status":"open","sticky":false,"template":"","format":"standard","meta":{"footnotes":""},"categories":[15],"tags":[],"class_list":["post-25770","post","type-post","status-publish","format-standard","has-post-thumbnail","hentry","category-salud"],"_links":{"self":[{"href":"https:\/\/samantharadionline.com\/index.php\/wp-json\/wp\/v2\/posts\/25770","targetHints":{"allow":["GET"]}}],"collection":[{"href":"https:\/\/samantharadionline.com\/index.php\/wp-json\/wp\/v2\/posts"}],"about":[{"href":"https:\/\/samantharadionline.com\/index.php\/wp-json\/wp\/v2\/types\/post"}],"author":[{"embeddable":true,"href":"https:\/\/samantharadionline.com\/index.php\/wp-json\/wp\/v2\/users\/1"}],"replies":[{"embeddable":true,"href":"https:\/\/samantharadionline.com\/index.php\/wp-json\/wp\/v2\/comments?post=25770"}],"version-history":[{"count":1,"href":"https:\/\/samantharadionline.com\/index.php\/wp-json\/wp\/v2\/posts\/25770\/revisions"}],"predecessor-version":[{"id":25772,"href":"https:\/\/samantharadionline.com\/index.php\/wp-json\/wp\/v2\/posts\/25770\/revisions\/25772"}],"wp:featuredmedia":[{"embeddable":true,"href":"https:\/\/samantharadionline.com\/index.php\/wp-json\/wp\/v2\/media\/25771"}],"wp:attachment":[{"href":"https:\/\/samantharadionline.com\/index.php\/wp-json\/wp\/v2\/media?parent=25770"}],"wp:term":[{"taxonomy":"category","embeddable":true,"href":"https:\/\/samantharadionline.com\/index.php\/wp-json\/wp\/v2\/categories?post=25770"},{"taxonomy":"post_tag","embeddable":true,"href":"https:\/\/samantharadionline.com\/index.php\/wp-json\/wp\/v2\/tags?post=25770"}],"curies":[{"name":"wp","href":"https:\/\/api.w.org\/{rel}","templated":true}]}}