{"id":25762,"date":"2026-04-28T14:04:02","date_gmt":"2026-04-28T18:04:02","guid":{"rendered":"https:\/\/samantharadionline.com\/?p=25762"},"modified":"2026-04-28T14:04:02","modified_gmt":"2026-04-28T18:04:02","slug":"emiratos-arabes-unidos-anuncia-que-dejara-la-opep-el-viernes","status":"publish","type":"post","link":"https:\/\/samantharadionline.com\/index.php\/2026\/04\/28\/emiratos-arabes-unidos-anuncia-que-dejara-la-opep-el-viernes\/","title":{"rendered":"Emiratos \u00c1rabes Unidos anuncia que dejar\u00e1 la OPEP el viernes"},"content":{"rendered":"\n<p class=\"has-medium-font-size\"><em>La monarqu\u00eda indic\u00f3 que se retirar\u00e1 el 1\u00b0 de mayo de la Organizaci\u00f3n de Pa\u00edses Exportadores de Petr\u00f3leo (OPEP). \u00abHabida cuenta de la situaci\u00f3n actual en el estrecho [de Ormuz], Emiratos \u00c1rabes Unidos no desea verse sometido a cuotas cuando la situaci\u00f3n vuelva a la normalidad\u00bb, indic\u00f3 una fuente gubernamental.<\/em><\/p>\n\n\n\n<p><strong>Por: RFI con AFP<\/strong><\/p>\n\n\n\n<p>Emiratos \u00c1rabes Unidos se retirar\u00e1 de la Organizaci\u00f3n de Pa\u00edses Exportadores de Petr\u00f3leo (OPEP), liderada por Arabia Saudita, y de la alianza OPEP+, de la que tambi\u00e9n forma parte Rusia, a partir del 1\u00ba de mayo, anunci\u00f3 este martes la agencia de prensa emirat\u00ed.<\/p>\n\n\n\n<p>\u00abEsta decisi\u00f3n refleja la visi\u00f3n estrat\u00e9gica y econ\u00f3mica a largo plazo de Emiratos \u00c1rabes Unidos y la evoluci\u00f3n de su perfil energ\u00e9tico, especialmente la aceleraci\u00f3n de las inversiones en la producci\u00f3n energ\u00e9tica nacional\u00bb, indic\u00f3 la agencia Wam.<\/p>\n\n\n\n<p>Emiratos, que se incorpor\u00f3 al cartel en 1967, \u00abaport\u00f3 contribuciones importantes y consinti\u00f3 sacrificios a\u00fan mayores en el inter\u00e9s de todos. Pero ha llegado el momento de concentrar nuestros esfuerzos en lo que dicta nuestro inter\u00e9s nacional\u00bb, agreg\u00f3.<\/p>\n\n\n\n<p>Fundada en 1960, la OPEP, que re\u00fane actualmente a 12 miembros, forj\u00f3 en 2016 una alianza con otros diez pa\u00edses -incluido Rusia- bajo un acuerdo llamado OPEP+, con el fin de limitar la oferta y apoyar los precios frente a los desaf\u00edos que plantea la competencia de Estados Unidos.<\/p>\n\n\n\n<p>Tras la salida desde 2019 de Catar y luego de Ecuador y Angola, el anuncio de Abu Dabi caus\u00f3 sorpresa, si bien el pa\u00eds, deseoso de producir m\u00e1s, hab\u00eda manifestado sus discrepancias dentro del grupo en los \u00faltimos a\u00f1os.<\/p>\n\n\n\n<p>Con todo hab\u00eda recibido un trato de favor para que aumentara sus cuotas de producci\u00f3n m\u00e1s que el resto.<\/p>\n\n\n\n<p>Emiratos es uno de los pa\u00edses m\u00e1s atacados por Ir\u00e1n en represalia por la ofensiva de Estados Unidos e Israel contra la rep\u00fablica isl\u00e1mica, lanzada el 28 de febrero.<\/p>\n\n\n\n<p>El conflicto provoc\u00f3 que el estrecho de Ormuz, por donde en general transita un 20% de los hidrocarburos que se consumen a nivel mundial, quedase pr\u00e1cticamente cerrado. Esto hizo a su vez que los precios del crudo se dispararan.<\/p>\n\n\n\n<p>\u00abHabida cuenta de la situaci\u00f3n actual en el estrecho [de Ormuz], Emiratos \u00c1rabes Unidos no desea verse sometido a cuotas cuando la situaci\u00f3n vuelva a la normalidad\u00bb, explic\u00f3 a la AFP una fuente pr\u00f3xima al Ministerio de Energ\u00eda.<\/p>\n","protected":false},"excerpt":{"rendered":"<p>La monarqu\u00eda indic\u00f3 que se retirar\u00e1 el 1\u00b0 de mayo de la Organizaci\u00f3n de Pa\u00edses<\/p>\n","protected":false},"author":1,"featured_media":25763,"comment_status":"open","ping_status":"open","sticky":false,"template":"","format":"standard","meta":{"footnotes":""},"categories":[4],"tags":[],"class_list":["post-25762","post","type-post","status-publish","format-standard","has-post-thumbnail","hentry","category-mundiales"],"_links":{"self":[{"href":"https:\/\/samantharadionline.com\/index.php\/wp-json\/wp\/v2\/posts\/25762","targetHints":{"allow":["GET"]}}],"collection":[{"href":"https:\/\/samantharadionline.com\/index.php\/wp-json\/wp\/v2\/posts"}],"about":[{"href":"https:\/\/samantharadionline.com\/index.php\/wp-json\/wp\/v2\/types\/post"}],"author":[{"embeddable":true,"href":"https:\/\/samantharadionline.com\/index.php\/wp-json\/wp\/v2\/users\/1"}],"replies":[{"embeddable":true,"href":"https:\/\/samantharadionline.com\/index.php\/wp-json\/wp\/v2\/comments?post=25762"}],"version-history":[{"count":1,"href":"https:\/\/samantharadionline.com\/index.php\/wp-json\/wp\/v2\/posts\/25762\/revisions"}],"predecessor-version":[{"id":25764,"href":"https:\/\/samantharadionline.com\/index.php\/wp-json\/wp\/v2\/posts\/25762\/revisions\/25764"}],"wp:featuredmedia":[{"embeddable":true,"href":"https:\/\/samantharadionline.com\/index.php\/wp-json\/wp\/v2\/media\/25763"}],"wp:attachment":[{"href":"https:\/\/samantharadionline.com\/index.php\/wp-json\/wp\/v2\/media?parent=25762"}],"wp:term":[{"taxonomy":"category","embeddable":true,"href":"https:\/\/samantharadionline.com\/index.php\/wp-json\/wp\/v2\/categories?post=25762"},{"taxonomy":"post_tag","embeddable":true,"href":"https:\/\/samantharadionline.com\/index.php\/wp-json\/wp\/v2\/tags?post=25762"}],"curies":[{"name":"wp","href":"https:\/\/api.w.org\/{rel}","templated":true}]}}