{"id":25752,"date":"2026-04-28T12:14:29","date_gmt":"2026-04-28T16:14:29","guid":{"rendered":"https:\/\/samantharadionline.com\/?p=25752"},"modified":"2026-04-28T12:14:29","modified_gmt":"2026-04-28T16:14:29","slug":"van-11-que-mataron-al-chofer-deivy-abreu-y-probablemente-el-autor-sigue-profugo","status":"publish","type":"post","link":"https:\/\/samantharadionline.com\/index.php\/2026\/04\/28\/van-11-que-mataron-al-chofer-deivy-abreu-y-probablemente-el-autor-sigue-profugo\/","title":{"rendered":"Van 11 que mataron al chofer Deivy Abreu y probablemente el autor sigue pr\u00f3fugo"},"content":{"rendered":"\n<h2 class=\"wp-block-heading has-medium-font-size\"><em><strong>Por este caso, siete personas fueron arrestadas y enviadas a tres meses de prisi\u00f3n preventiva, acusadas de participar en la agresi\u00f3n<\/strong><\/em><\/h2>\n\n\n\n<figure class=\"wp-block-image\"><img decoding=\"async\" src=\"https:\/\/listindiario.com\/files\/image_60_60\/uploads\/2025\/07\/13\/68743be1bedc5.jpeg\" alt=\"Avatar del Sauro Scalella\"\/><\/figure>\n\n\n\n<p><strong><em>\u00a0<\/em>Sauro Scalella, Santo Domingo, RD<\/strong><\/p>\n\n\n\n<p id=\"m21855-21854-21856\">A 11 d\u00edas de la muerte del chofer de cami\u00f3n recolector de basura, Deivy Carlos Abreu Quezada, las autoridades informaron que a\u00fan no ha sido capturado el principal se\u00f1alado por el hecho.<\/p>\n\n\n\n<p id=\"m21860-21859-21861\">El vocero de la Polic\u00eda Nacional, Diego Pesqueira, indic\u00f3 este martes que contin\u00faan las labores de b\u00fasqueda para ubicar a&nbsp;<strong>Jes\u00fas Metz Cruz<\/strong>, acusado de haber dado la estocada que le provoc\u00f3 la muerte a Abreu Quezada.<\/p>\n\n\n\n<p id=\"m21865-21864-21866\">\u201cSeguimos trabajando, tenemos distintas versiones, personas que nos llaman con inter\u00e9s de que se pueda entregar.&nbsp;<strong>Por el momento no tenemos nada<\/strong>\u201d, expres\u00f3 Pesqueira.<\/p>\n\n\n\n<p id=\"m21870-21869-21871\">En una rueda de prensa, el portavoz reiter\u00f3 el llamado al pr\u00f3fugo para que se entregue a las autoridades.<\/p>\n\n\n\n<p id=\"m21875-21874-21876\">\u201cVamos a reiterarle el llamado a este joven para que se entregue y responda por este hecho\u201d, dijo a los periodistas.<\/p>\n\n\n\n<p id=\"m21880-21879-21881\">Sobre si el sospechoso tiene antecedentes penales, explic\u00f3 que esa informaci\u00f3n est\u00e1 siendo manejada junto al Ministerio P\u00fablico.<\/p>\n\n\n\n<p id=\"m21885-21884-21886\">\u201cPor el momento tenemos que esperar que este caso se desarrolle, ya que est\u00e1 en manos de la justicia\u201d, se\u00f1al\u00f3.<\/p>\n\n\n\n<p id=\"m21890-21889-21891\">Pesqueira asegur\u00f3 que la Polic\u00eda sigue recibiendo informaciones y pistas sobre el paradero del acusado.<\/p>\n\n\n\n<p id=\"m21895-21894-21896\">\u201cHay distintos llamados de personas que quieren entregarlo, pero por el momento vamos a seguir enfocados en ubicarlo, apresarlo y someterlo a la justicia\u201d, agreg\u00f3.<\/p>\n\n\n\n<p id=\"m21900-21899-21901\">El hecho ocurri\u00f3 el pasado 17 de abril de 2026 en Santiago, cuando Abreu Quezada, de 40 a\u00f1os, fue perseguido y apu\u00f1alado por un grupo de motoristas tras un incidente de tr\u00e1nsito.<\/p>\n\n\n\n<p id=\"m21905-21904-21906\">Por este caso, siete personas fueron arrestadas y enviadas a tres meses de prisi\u00f3n preventiva, acusadas de participar en la agresi\u00f3n.<\/p>\n","protected":false},"excerpt":{"rendered":"<p>Por este caso, siete personas fueron arrestadas y enviadas a tres meses de prisi\u00f3n preventiva,<\/p>\n","protected":false},"author":1,"featured_media":25753,"comment_status":"open","ping_status":"open","sticky":false,"template":"","format":"standard","meta":{"footnotes":""},"categories":[12],"tags":[],"class_list":["post-25752","post","type-post","status-publish","format-standard","has-post-thumbnail","hentry","category-nacionales"],"_links":{"self":[{"href":"https:\/\/samantharadionline.com\/index.php\/wp-json\/wp\/v2\/posts\/25752","targetHints":{"allow":["GET"]}}],"collection":[{"href":"https:\/\/samantharadionline.com\/index.php\/wp-json\/wp\/v2\/posts"}],"about":[{"href":"https:\/\/samantharadionline.com\/index.php\/wp-json\/wp\/v2\/types\/post"}],"author":[{"embeddable":true,"href":"https:\/\/samantharadionline.com\/index.php\/wp-json\/wp\/v2\/users\/1"}],"replies":[{"embeddable":true,"href":"https:\/\/samantharadionline.com\/index.php\/wp-json\/wp\/v2\/comments?post=25752"}],"version-history":[{"count":1,"href":"https:\/\/samantharadionline.com\/index.php\/wp-json\/wp\/v2\/posts\/25752\/revisions"}],"predecessor-version":[{"id":25754,"href":"https:\/\/samantharadionline.com\/index.php\/wp-json\/wp\/v2\/posts\/25752\/revisions\/25754"}],"wp:featuredmedia":[{"embeddable":true,"href":"https:\/\/samantharadionline.com\/index.php\/wp-json\/wp\/v2\/media\/25753"}],"wp:attachment":[{"href":"https:\/\/samantharadionline.com\/index.php\/wp-json\/wp\/v2\/media?parent=25752"}],"wp:term":[{"taxonomy":"category","embeddable":true,"href":"https:\/\/samantharadionline.com\/index.php\/wp-json\/wp\/v2\/categories?post=25752"},{"taxonomy":"post_tag","embeddable":true,"href":"https:\/\/samantharadionline.com\/index.php\/wp-json\/wp\/v2\/tags?post=25752"}],"curies":[{"name":"wp","href":"https:\/\/api.w.org\/{rel}","templated":true}]}}