{"id":25748,"date":"2026-04-28T09:13:57","date_gmt":"2026-04-28T13:13:57","guid":{"rendered":"https:\/\/samantharadionline.com\/?p=25748"},"modified":"2026-04-28T09:13:57","modified_gmt":"2026-04-28T13:13:57","slug":"relajacion-con-el-obligatorio-velo-islamico","status":"publish","type":"post","link":"https:\/\/samantharadionline.com\/index.php\/2026\/04\/28\/relajacion-con-el-obligatorio-velo-islamico\/","title":{"rendered":"Relajaci\u00f3n con el obligatorio velo isl\u00e1mico"},"content":{"rendered":"\n<p class=\"has-medium-font-size\"><em>Tras el alto el fuego, las im\u00e1genes de mujeres paseando o tomando caf\u00e9 en las calles de Teher\u00e1n con la cabeza descubierta se multiplican, desafiando la obligaci\u00f3n de llevar velo en la rep\u00fablica isl\u00e1mica. \u00bfPar\u00e9ntesis de tolerancia, ilusi\u00f3n de cambio o movimiento de fondo? El informe desde la capital iran\u00ed.<\/em><\/p>\n\n\n\n<p><strong>Por: RFI con\u00a0Siavosh Ghazi y AFP<\/strong><\/p>\n\n\n\n<p>En las calles de Teher\u00e1n, los vendedores ambulantes y los m\u00fasicos han recuperado el control de las aceras. Los hombres armados y los controles han desaparecido en su mayor parte, salvo en algunas plazas.<\/p>\n\n\n\n<p>Sobre todo, se ven cada vez m\u00e1s mujeres que se niegan a llevar el velo y se visten al estilo occidental. Hay un nuevo aire de libertad que muchas reivindican, como es el caso de Ziba, una iran\u00ed de unos cuarenta a\u00f1os.<\/p>\n\n\n\n<p>\u201cEl velo nos fue impuesto desde 1979 como un valor externo. Con el tiempo, nos dimos cuenta de que no se trataba de un valor propio. Para dejarlo de lado y lograr lo que queremos, hemos pagado un alto precio. Es un gran logro que hemos conseguido. Y vamos a defender esta conquista con u\u00f1as y dientes; no vamos a ceder\u201d, explica a&nbsp;<em>RFI<\/em>.<\/p>\n\n\n\n<p>Si bien tras el movimiento de protesta que sigui\u00f3 a la muerte de Mahsa Amini en 2022 \u2014detenida por no respetar adecuadamente el velo\u2014, muchas mujeres llevaban un peque\u00f1o pa\u00f1uelo sobre los hombros por si la polic\u00eda les hac\u00eda alg\u00fan comentario, hoy ese mismo pa\u00f1uelo ha desaparecido. El poder lo permite y no parece querer intervenir.<\/p>\n\n\n\n<p>\u00abNo es en absoluto se\u00f1al de un cambio de parte del gobierno. No se ha logrado ning\u00fan avance en materia de derechos para las mujeres\u00bb, matiza una pintora iran\u00ed contactada desde Par\u00eds que pidi\u00f3 mantener el anonimato.<\/p>\n\n\n\n<p>\u00abPese a las apariencias, no se ha producido ning\u00fan cambio real en cuanto a las libertades individuales\u00bb, a\u00f1ade la artista radicada en Teher\u00e1n.<\/p>\n\n\n\n<p>La obligaci\u00f3n de llevar velo, sigue vigente, pero la aplicaci\u00f3n de esta regla considerada un pilar de la teocracia iran\u00ed, parece haberse relajado, al menos en algunos barrios de Teher\u00e1n y en otras ciudades.<\/p>\n\n\n\n<p>&nbsp;Se prolong\u00f3 durante la guerra de junio de 2025 contra Israel y luego durante las manifestaciones de diciembre por el costo de la vida, y en el contexto de la actual guerra contra Estados Unidos e Israel, suspendida por un fr\u00e1gil alto el fuego.<\/p>\n\n\n\n<p>\u00abHace apenas tres a\u00f1os, esto era un sue\u00f1o\u00bb, comenta Zahra, de 57 a\u00f1os y radicada en Isfah\u00e1n, en el centro del pa\u00eds. \u00abYa no lo llevo, pero me habr\u00eda encantado vivir esto durante mi juventud\u00bb, dice refiri\u00e9ndose al velo.<\/p>\n\n\n\n<p>Sin embargo, el velo no ha desaparecido. Si bien casi no se ven m\u00e1s las temidas furgonetas blancas de la polic\u00eda de la moral patrullando las calles, las mujeres sin velo a\u00fan pueden ser interpeladas por las autoridades.<\/p>\n\n\n\n<p>Generalmente deben llevar el velo en los bancos, centros educativos y edificios administrativos.<\/p>\n\n\n\n<h2 class=\"wp-block-heading\">\u201cUn precio alto\u201d<\/h2>\n\n\n\n<p>En los caf\u00e9s, detr\u00e1s de las \u00abfotos bonitas\u00bb de mujeres con la cabeza descubierta que se ven hoy en d\u00eda, los due\u00f1os han pagado \u00abun precio alto\u00bb, recuerda Negin, quien administra un caf\u00e9 en Teher\u00e1n.<\/p>\n\n\n\n<p>\u00abHemos sido tratadas con mucha dureza todos estos a\u00f1os y eso contin\u00faa hoy en d\u00eda. Nos han cerrado en varias ocasiones, nos han multado, hemos tenido que pagar sobornos (&#8230;) Lo que me enfurece todav\u00eda es cuando ellos dicen que eso es &#8216;libertad&#8217; y que las mujeres son m\u00e1s libres\u00bb, expresa esta mujer de 34 a\u00f1os.<\/p>\n\n\n\n<p>Los derechos de las mujeres siguen limitados en Ir\u00e1n, bajo un gobierno que arrest\u00f3 a decenas de miles de personas durante las manifestaciones de diciembre y enero, y miles m\u00e1s durante el conflicto actual, seg\u00fan grupos de derechos humanos.<\/p>\n\n\n\n<p>Amnist\u00eda Internacional calcula que la \u00abresistencia generalizada\u00bb al uso obligatorio del hiyab ha puesto a las autoridades bajo presi\u00f3n los \u00faltimos a\u00f1os.<\/p>\n\n\n\n<p>Ahora se pueden ver en la televisi\u00f3n estatal im\u00e1genes de mujeres sin hiyab (velo que recubre el cuerpo, dejando ver s\u00f3lo el rostro, siempre que apoyen a la rep\u00fablica isl\u00e1mica y denuncien a los enemigos de Ir\u00e1n.<\/p>\n\n\n\n<p>\u00abCada d\u00eda m\u00e1s mujeres superan el miedo y se atreven a salir sin hiyab, este fen\u00f3meno se est\u00e1 generalizando. Pero no veo ning\u00fan cambio en el sistema de gobierno\u00bb, se\u00f1ala Sahrzad, una ama de casa de 39 a\u00f1os.<\/p>\n\n\n\n<p>\u00abNada ha cambiado, salvo esos videos de chicas j\u00f3venes que aparecen ante las c\u00e1maras de los canales informativos estatales sin hiyab y que gritan \u00abmi l\u00edder, mi l\u00edder, dar\u00eda mi vida por \u00e9l\u00bb, agreg\u00f3.<\/p>\n\n\n\n<p>La situaci\u00f3n es dispar en el pa\u00eds y nadie puede decir cu\u00e1nto durar\u00e1 esta tolerancia.<\/p>\n","protected":false},"excerpt":{"rendered":"<p>Tras el alto el fuego, las im\u00e1genes de mujeres paseando o tomando caf\u00e9 en las<\/p>\n","protected":false},"author":1,"featured_media":25749,"comment_status":"open","ping_status":"open","sticky":false,"template":"","format":"standard","meta":{"footnotes":""},"categories":[4],"tags":[],"class_list":["post-25748","post","type-post","status-publish","format-standard","has-post-thumbnail","hentry","category-mundiales"],"_links":{"self":[{"href":"https:\/\/samantharadionline.com\/index.php\/wp-json\/wp\/v2\/posts\/25748","targetHints":{"allow":["GET"]}}],"collection":[{"href":"https:\/\/samantharadionline.com\/index.php\/wp-json\/wp\/v2\/posts"}],"about":[{"href":"https:\/\/samantharadionline.com\/index.php\/wp-json\/wp\/v2\/types\/post"}],"author":[{"embeddable":true,"href":"https:\/\/samantharadionline.com\/index.php\/wp-json\/wp\/v2\/users\/1"}],"replies":[{"embeddable":true,"href":"https:\/\/samantharadionline.com\/index.php\/wp-json\/wp\/v2\/comments?post=25748"}],"version-history":[{"count":1,"href":"https:\/\/samantharadionline.com\/index.php\/wp-json\/wp\/v2\/posts\/25748\/revisions"}],"predecessor-version":[{"id":25750,"href":"https:\/\/samantharadionline.com\/index.php\/wp-json\/wp\/v2\/posts\/25748\/revisions\/25750"}],"wp:featuredmedia":[{"embeddable":true,"href":"https:\/\/samantharadionline.com\/index.php\/wp-json\/wp\/v2\/media\/25749"}],"wp:attachment":[{"href":"https:\/\/samantharadionline.com\/index.php\/wp-json\/wp\/v2\/media?parent=25748"}],"wp:term":[{"taxonomy":"category","embeddable":true,"href":"https:\/\/samantharadionline.com\/index.php\/wp-json\/wp\/v2\/categories?post=25748"},{"taxonomy":"post_tag","embeddable":true,"href":"https:\/\/samantharadionline.com\/index.php\/wp-json\/wp\/v2\/tags?post=25748"}],"curies":[{"name":"wp","href":"https:\/\/api.w.org\/{rel}","templated":true}]}}