{"id":25745,"date":"2026-04-28T09:06:16","date_gmt":"2026-04-28T13:06:16","guid":{"rendered":"https:\/\/samantharadionline.com\/?p=25745"},"modified":"2026-04-28T09:06:16","modified_gmt":"2026-04-28T13:06:16","slug":"acusaciones-de-zelenski-de-terrorismo-nuclear-en-el-40-aniversario-de-chernobil","status":"publish","type":"post","link":"https:\/\/samantharadionline.com\/index.php\/2026\/04\/28\/acusaciones-de-zelenski-de-terrorismo-nuclear-en-el-40-aniversario-de-chernobil\/","title":{"rendered":"Acusaciones de Zelenski  de \u00abterrorismo nuclear\u00bb en el 40 aniversario de Chern\u00f3bil"},"content":{"rendered":"\n<p class=\"has-medium-font-size\"><em>El presidente ucraniano, Volodimir Zelenski, acus\u00f3 este domingo a Mosc\u00fa de \u00abterrorismo nuclear\u00bb, en el 40\u00ba aniversario de la explosi\u00f3n en la planta de Chern\u00f3bil, que se cumple en plena invasi\u00f3n rusa. El Papa Le\u00f3n XIV por su cuenta\u00a0pidi\u00f3 este domingo que la energ\u00eda at\u00f3mica s\u00f3lo se utilice con fines pac\u00edficos<\/em><\/p>\n\n\n\n<p><strong>Por: RFI con la AFP <\/strong><\/p>\n\n\n\n<p>En un mensaje en redes sociales con motivo del aniversario de la cat\u00e1strofe de Chern\u00f3bil, ocurrida en la era sovi\u00e9tica, Zelenski dijo que, con su invasi\u00f3n lanzada en 2022, Rusia est\u00e1 \u00abuna vez m\u00e1s llevando al mundo al filo de un desastre provocado por el hombre\u00bb.<\/p>\n\n\n\n<p>\u00abEl mundo no puede permitir que contin\u00fae este terrorismo nuclear, y la mejor manera es obligar a Rusia a que detenga sus temerarios ataques\u00bb, a\u00f1adi\u00f3.<\/p>\n\n\n\n<p>El presidente ucraniano hizo hincapi\u00e9 en que los drones rusos sobrevuelan regularmente Chern\u00f3bil. Uno de ellos incluso impact\u00f3 contra su cubierta protectora el a\u00f1o pasado.<\/p>\n\n\n\n<p>La explosi\u00f3n de 1986 en la central de Chern\u00f3bil fue el peor desastre nuclear civil de la historia, y cambi\u00f3 la percepci\u00f3n global sobre la energ\u00eda nuclear.<\/p>\n\n\n\n<p>El papa Le\u00f3n XIV pidi\u00f3 este domingo que la energ\u00eda at\u00f3mica s\u00f3lo se utilice con fines pac\u00edficos.<\/p>\n\n\n\n<p>El desastre \u00abmarc\u00f3 la conciencia de la humanidad\u00bb y \u00absigue siendo una advertencia de los riesgos inherentes al uso de tecnolog\u00edas cada vez m\u00e1s poderosas\u00bb, dijo en el Vaticano.<\/p>\n\n\n\n<figure class=\"wp-block-image\"><img decoding=\"async\" src=\"https:\/\/s.rfi.fr\/media\/display\/9be373ba-4187-11f1-adcc-005056bfb2b6\/w:1024\/2026-04-21T161339Z-848042214-RC2STKALLRT9-RTRMADP-3-POPE-AFRICA-EQUATORIAL.jpg\" alt=\"El papa Le\u00f3n XIV en el campus Le\u00f3n XIV de la Universidad Nacional de Guinea Ecuatorial, en Malabo (Guinea Ecuatorial), el 21 de abril de 2026.\"\/><figcaption class=\"wp-element-caption\">El papa Le\u00f3n XIV en el campus Le\u00f3n XIV de la Universidad Nacional de Guinea Ecuatorial, en Malabo (Guinea Ecuatorial), el 21 de abril de 2026.&nbsp;REUTERS &#8211; Guglielmo Mangiapane<\/figcaption><\/figure>\n\n\n\n<p><strong>&nbsp;\u00abAl servicio de la vida\u00bb<\/strong><\/p>\n\n\n\n<p>\u00abEspero que en todos los niveles de toma de decisiones prevalezcan siempre el discernimiento y la responsabilidad, para que cada uso de la energ\u00eda at\u00f3mica est\u00e9 al servicio de la vida y la paz\u00bb, a\u00f1adi\u00f3.<\/p>\n\n\n\n<p>Se estima que miles de personas murieron como resultado de la exposici\u00f3n a la radiaci\u00f3n.<\/p>\n\n\n\n<p>La cifra exacta de v\u00edctimas var\u00eda.<\/p>\n\n\n\n<figure class=\"wp-block-image\"><img decoding=\"async\" src=\"https:\/\/s.rfi.fr\/media\/display\/8757ebea-4102-11f1-a284-005056bf30b7\/w:1024\/TCHERNOBYL-NUCLEAIRE-ACCIDENT-CENTRALE.jpg\" alt=\"Vista de la central nuclear de Chern\u00f3bil, el 26 de abril de 1986, tras el accidente que provoc\u00f3 la explosi\u00f3n de un reactor.\"\/><figcaption class=\"wp-element-caption\">Vista de la central nuclear de Chern\u00f3bil, el 26 de abril de 1986, tras el accidente que provoc\u00f3 la explosi\u00f3n de un reactor.&nbsp;ASSOCIATED PRESS &#8211; TASS<\/figcaption><\/figure>\n\n\n\n<p><strong>Unas 600.000 personas&nbsp;<\/strong>involucradas en la operaci\u00f3n de limpieza, conocidas como \u00abliquidadores\u00bb, estuvieron expuestas a altos niveles de radiaci\u00f3n.<\/p>\n\n\n\n<p>Un informe de la ONU de 2005 situ\u00f3 el n\u00famero de v\u00edctimas mortales confirmadas y previstas en 4.000 en los tres pa\u00edses m\u00e1s afectados. Greenpeace estim\u00f3 en 2006 que el desastre hab\u00eda causado&nbsp;<strong>cerca de 100.000 muertes.<\/strong><\/p>\n\n\n\n<p>La mayor parte de los trabajadores de la central viv\u00edan en la localidad de Pr\u00edpiat pero fueron desplazados a Slav\u00fatich, donde cientos de personas se congregaron este domingo de madrugada a la hora en que se produjo la explosi\u00f3n del reactor.<\/p>\n\n\n\n<p>\u00abTodos los residentes mayores de 39 a\u00f1os son desplazados internos\u00bb, declar\u00f3 a AFP el alcalde de Slav\u00fatich, Yurii Fomichev.<\/p>\n\n\n\n<p><strong>Ataques nocturnos<\/strong><\/p>\n\n\n\n<p>La conmemoraci\u00f3n de Chern\u00f3bil tiene lugar en plena guerra entre Rusia y Ucrania.<\/p>\n\n\n\n<p>Tres personas murieron y otras cuatro resultaron heridas en territorio ucraniano despu\u00e9s de que Mosc\u00fa lanzara m\u00e1s de cien drones durante la noche, seg\u00fan las autoridades locales.<\/p>\n\n\n\n<p>En Sumi, una regi\u00f3n fronteriza del noreste, un ataque con drones rusos mat\u00f3 a dos civiles, seg\u00fan el jefe de la administraci\u00f3n militar regional.<\/p>\n\n\n\n<p>\u00abEl enemigo atac\u00f3 a civiles en el territorio de la comunidad de Bilopilia (&#8230;) a menos de cinco km de la frontera estatal con la Federaci\u00f3n Rusa\u00bb, con un saldo de dos muertos, un hombre de 48 a\u00f1os y otro de 72, dijo Oleg Grigorov en Telegram.<\/p>\n\n\n\n<p>Los ataques con drones y artiller\u00eda en la ciudad de Dnipr\u00f3 (centroeste) mataron a una persona e hirieron a cuatro m\u00e1s, inform\u00f3 Oleksandr Ganzha, jefe de la administraci\u00f3n militar regional. Varias casas y veh\u00edculos sufrieron destrozos, a\u00f1adi\u00f3.<\/p>\n\n\n\n<p>La fuerza a\u00e9rea ucraniana afirma que Rusia ha disparado 144 drones durante la noche, de los cuales 124 fueron repelidos.<\/p>\n\n\n\n<p>Por otro lado, el gobernador de Sebastopol, en la pen\u00ednsula de Crimea anexionada por Rusia desde 2014, dio cuenta de un muerto en un veh\u00edculo durante un ataque con drones ucranianos que da\u00f1\u00f3 varias casas y una escuela en diferentes barrios de esta ciudad portuaria.<\/p>\n\n\n\n<p>Seg\u00fan el gobernador, Rusia derrib\u00f3 43 drones.<\/p>\n\n\n\n<p>La guerra se desborda m\u00e1s all\u00e1 de las fronteras ucranianas y rusas. Ruman\u00eda anunci\u00f3 que un dron ruso se estrell\u00f3 en su territorio el s\u00e1bado, lo que le oblig\u00f3 a evacuar a m\u00e1s de 200 habitantes.<\/p>\n\n\n\n<p>Reunidos en Chipre, los dirigentes europeos aprobaron el jueves un vig\u00e9simo paquete de sanciones contra Rusia.<\/p>\n","protected":false},"excerpt":{"rendered":"<p>El presidente ucraniano, Volodimir Zelenski, acus\u00f3 este domingo a Mosc\u00fa de \u00abterrorismo nuclear\u00bb, en el<\/p>\n","protected":false},"author":1,"featured_media":25746,"comment_status":"open","ping_status":"open","sticky":false,"template":"","format":"standard","meta":{"footnotes":""},"categories":[4],"tags":[],"class_list":["post-25745","post","type-post","status-publish","format-standard","has-post-thumbnail","hentry","category-mundiales"],"_links":{"self":[{"href":"https:\/\/samantharadionline.com\/index.php\/wp-json\/wp\/v2\/posts\/25745","targetHints":{"allow":["GET"]}}],"collection":[{"href":"https:\/\/samantharadionline.com\/index.php\/wp-json\/wp\/v2\/posts"}],"about":[{"href":"https:\/\/samantharadionline.com\/index.php\/wp-json\/wp\/v2\/types\/post"}],"author":[{"embeddable":true,"href":"https:\/\/samantharadionline.com\/index.php\/wp-json\/wp\/v2\/users\/1"}],"replies":[{"embeddable":true,"href":"https:\/\/samantharadionline.com\/index.php\/wp-json\/wp\/v2\/comments?post=25745"}],"version-history":[{"count":1,"href":"https:\/\/samantharadionline.com\/index.php\/wp-json\/wp\/v2\/posts\/25745\/revisions"}],"predecessor-version":[{"id":25747,"href":"https:\/\/samantharadionline.com\/index.php\/wp-json\/wp\/v2\/posts\/25745\/revisions\/25747"}],"wp:featuredmedia":[{"embeddable":true,"href":"https:\/\/samantharadionline.com\/index.php\/wp-json\/wp\/v2\/media\/25746"}],"wp:attachment":[{"href":"https:\/\/samantharadionline.com\/index.php\/wp-json\/wp\/v2\/media?parent=25745"}],"wp:term":[{"taxonomy":"category","embeddable":true,"href":"https:\/\/samantharadionline.com\/index.php\/wp-json\/wp\/v2\/categories?post=25745"},{"taxonomy":"post_tag","embeddable":true,"href":"https:\/\/samantharadionline.com\/index.php\/wp-json\/wp\/v2\/tags?post=25745"}],"curies":[{"name":"wp","href":"https:\/\/api.w.org\/{rel}","templated":true}]}}