{"id":25733,"date":"2026-04-27T21:53:42","date_gmt":"2026-04-28T01:53:42","guid":{"rendered":"https:\/\/samantharadionline.com\/?p=25733"},"modified":"2026-04-27T21:53:43","modified_gmt":"2026-04-28T01:53:43","slug":"daran-seguimiento-al-desarrollo-economico-y-social-de-san-juan","status":"publish","type":"post","link":"https:\/\/samantharadionline.com\/index.php\/2026\/04\/27\/daran-seguimiento-al-desarrollo-economico-y-social-de-san-juan\/","title":{"rendered":"Dar\u00e1n seguimiento al desarrollo \u201cecon\u00f3mico y social\u201d de San Juan"},"content":{"rendered":"\n<h2 class=\"wp-block-heading has-medium-font-size\"><em><strong>A trav\u00e9s de los decretos 236-26 y 285-26, el mandatario dispuso la creaci\u00f3n de una Comisi\u00f3n para la Coordinaci\u00f3n y Direcci\u00f3n del mismo y design\u00f3 a su director ejecutivo, cargo que ser\u00e1 desempe\u00f1ado por el se\u00f1or Carlos Alessandry Roa Howley.<\/strong><\/em><\/h2>\n\n\n\n<p><strong>Santo Domingo, RD<\/strong><\/p>\n\n\n\n<p id=\"m128767-128766-128768\">El presidente Luis Abinader cre\u00f3 la Comisi\u00f3n para la Coordinaci\u00f3n y Direcci\u00f3n del Plan San Juan la cual tiene el objetivo de dar continuidad a las acciones para el desarrollo integral en los \u00e1mbitos econ\u00f3mico y social de los residentes y comunidades de la provincia San Juan.<\/p>\n\n\n\n<p id=\"m128772-128771-128773\">A trav\u00e9s de los decretos 236-26 y 285-26, el mandatario dispuso la creaci\u00f3n de una Comisi\u00f3n para la Coordinaci\u00f3n y Direcci\u00f3n del mismo y design\u00f3 a su director ejecutivo, cargo que ser\u00e1 desempe\u00f1ado por el se\u00f1or Carlos Alessandry Roa Howley.<\/p>\n\n\n\n<p id=\"m128777-128776-128778\">La medida da continuidad a la creaci\u00f3n en 2022 del Plan para el Desarrollo Econ\u00f3mico de la provincia San Juan (Plan San Juan); el mismo como prop\u00f3sito fundamental transformar la econom\u00eda de la regi\u00f3n, promoviendo su desarrollo sostenible y maximizando el uso de sus recursos.<\/p>\n\n\n\n<p id=\"m128782-128781-128783\">La Comisi\u00f3n para la Coordinaci\u00f3n y Direcci\u00f3n del Plan San Juan queda integrada por el Obispo de la Di\u00f3cesis de San Juan, quien lo presidir\u00e1; el Ministerio Administrativo de la Presidencia; el Ministerio de Agricultura; el Banco Agr\u00edcola de la Rep\u00fablica Dominicana; el Ministerio de Medio Ambiente y Recursos Naturales; el Instituto Nacional de Recursos Hidr\u00e1ulicos; el Instituto del Tabaco y la Junta Agroempresarial Dominicana (JAD).<\/p>\n\n\n\n<p id=\"m128787-128786-128788\">Asimismo, por la Gobernaci\u00f3n Provincial; un representante de la Asociaci\u00f3n de Desarrollo de la Provincia de San Juan; un representante de la Asociaci\u00f3n de Productores Agr\u00edcolas de la provincia de San Juan; un representante de la Asociaci\u00f3n de Ganaderos; un represente de la Asociaci\u00f3n de Productores de Tabaco; el alcalde del Municipio Cabecera, m\u00e1s un representante elegido entre los dem\u00e1s municipios; la Confederaci\u00f3n Nacional de Productores Agropecuarios (Confenagro) y el director ejecutivo del Plan San Juan, quien fungir\u00e1 como secretario, con voz; pero sin voto.<\/p>\n\n\n\n<h3 class=\"wp-block-heading\">Funciones del Plan San Juan<\/h3>\n\n\n\n<p id=\"m128792-128791-128793\">De acuerdo con la Presidencia de la Rep\u00fablica, la Comisi\u00f3n del Plan San Juan asume la responsabilidad de liderar la transformaci\u00f3n econ\u00f3mica regional mediante la aprobaci\u00f3n estrat\u00e9gica de proyectos de infraestructura y acuerdos interinstitucionales, asegurando siempre el cumplimiento de las normativas de contrataciones p\u00fablicas.<\/p>\n\n\n\n<p id=\"m128797-128796-128798\">Su labor se centra en diversificar la matriz productiva y coordinar la ejecuci\u00f3n de obras cr\u00edticas, tales como sistemas de riego, centros de acopio y naves en zonas francas, fundamentales para el sost\u00e9n de la actividad econ\u00f3mica local.<\/p>\n\n\n\n<p id=\"m128802-128801-128803\">Asimismo, actuar\u00e1 como un articulador entre los sectores p\u00fablico y privado para facilitar encadenamientos que generen empleo y fortalezcan el capital humano regional. A trav\u00e9s de la canalizaci\u00f3n de capital semilla y asistencia t\u00e9cnica, la Comisi\u00f3n apoya directamente a emprendimientos y peque\u00f1os productores, fomentando su integraci\u00f3n en cooperativas y cl\u00fasteres. Finalmente, su gesti\u00f3n se consolida mediante la promoci\u00f3n de alianzas comerciales estrat\u00e9gicas y la rendici\u00f3n peri\u00f3dica de informes de avance ante la Presidencia de la Rep\u00fablica.<\/p>\n\n\n\n<h3 class=\"wp-block-heading\">Direcci\u00f3n Ejecutiva<\/h3>\n\n\n\n<p id=\"m128807-128806-128808\">Mientras, la Direcci\u00f3n Ejecutiva de la comisi\u00f3n del Plan San Juan tendr\u00e1 como responsabilidad realizar las coordinaciones t\u00e9cnicas de lugar a fin de que los proyectos aprobados por la comisi\u00f3n del Plan San Juan se ejecuten dentro del cronograma acordado; administrar los fondos asignados a la ejecuci\u00f3n de las acciones y actividades aprobadas por la comisi\u00f3n del Plan San Juan; coordinar la formulaci\u00f3n de pol\u00edticas derivadas de la comisi\u00f3n del Plan San Juan, as\u00ed como la definici\u00f3n y ejecuci\u00f3n de las iniciativas, programas y proyectos que se consideren necesarios para alcanzar los resultados esperados.<\/p>\n\n\n\n<p id=\"m128812-128811-128813\">De igual forma, deber\u00e1 coordinar la asistencia t\u00e9cnica, financiamiento, manejo post cosecha y comercializaci\u00f3n que se ejecutar\u00e1n en cada una de las fincas intervenidas; realizar y mantener un registro georreferenciado de cada una de las unidades productivas intervenidas; supervisar la ejecuci\u00f3n y cumplimiento de las tareas planificadas en el marco del Plan y mantener registros contables de los gastos realizados en el marco del Plan.<\/p>\n\n\n\n<p id=\"m128817-128816-128818\">Finalmente, debe adem\u00e1s contratar las personas f\u00edsicas y jur\u00eddicas que se requieran para el cumplimiento de sus funciones y las tareas que les sean encomendadas, conforme a lo estipulado por las leyes correspondientes; supervisar el buen uso de los equipos de transporte y maquinarias de trabajo asignadas a la ejecuci\u00f3n del Plan y rendir informes trimestrales a la comisi\u00f3n del Plan San Juan sobre el avance en su implementaci\u00f3n.<\/p>\n","protected":false},"excerpt":{"rendered":"<p>A trav\u00e9s de los decretos 236-26 y 285-26, el mandatario dispuso la creaci\u00f3n de una<\/p>\n","protected":false},"author":1,"featured_media":25734,"comment_status":"open","ping_status":"open","sticky":false,"template":"","format":"standard","meta":{"footnotes":""},"categories":[10],"tags":[],"class_list":["post-25733","post","type-post","status-publish","format-standard","has-post-thumbnail","hentry","category-economica"],"_links":{"self":[{"href":"https:\/\/samantharadionline.com\/index.php\/wp-json\/wp\/v2\/posts\/25733","targetHints":{"allow":["GET"]}}],"collection":[{"href":"https:\/\/samantharadionline.com\/index.php\/wp-json\/wp\/v2\/posts"}],"about":[{"href":"https:\/\/samantharadionline.com\/index.php\/wp-json\/wp\/v2\/types\/post"}],"author":[{"embeddable":true,"href":"https:\/\/samantharadionline.com\/index.php\/wp-json\/wp\/v2\/users\/1"}],"replies":[{"embeddable":true,"href":"https:\/\/samantharadionline.com\/index.php\/wp-json\/wp\/v2\/comments?post=25733"}],"version-history":[{"count":1,"href":"https:\/\/samantharadionline.com\/index.php\/wp-json\/wp\/v2\/posts\/25733\/revisions"}],"predecessor-version":[{"id":25735,"href":"https:\/\/samantharadionline.com\/index.php\/wp-json\/wp\/v2\/posts\/25733\/revisions\/25735"}],"wp:featuredmedia":[{"embeddable":true,"href":"https:\/\/samantharadionline.com\/index.php\/wp-json\/wp\/v2\/media\/25734"}],"wp:attachment":[{"href":"https:\/\/samantharadionline.com\/index.php\/wp-json\/wp\/v2\/media?parent=25733"}],"wp:term":[{"taxonomy":"category","embeddable":true,"href":"https:\/\/samantharadionline.com\/index.php\/wp-json\/wp\/v2\/categories?post=25733"},{"taxonomy":"post_tag","embeddable":true,"href":"https:\/\/samantharadionline.com\/index.php\/wp-json\/wp\/v2\/tags?post=25733"}],"curies":[{"name":"wp","href":"https:\/\/api.w.org\/{rel}","templated":true}]}}