{"id":25730,"date":"2026-04-27T21:49:45","date_gmt":"2026-04-28T01:49:45","guid":{"rendered":"https:\/\/samantharadionline.com\/?p=25730"},"modified":"2026-04-27T21:50:11","modified_gmt":"2026-04-28T01:50:11","slug":"eso-no-debio-pasar-ahi-no-debio-morir-una-sola-persona-el-duro-testimonio-de-gregory-adames","status":"publish","type":"post","link":"https:\/\/samantharadionline.com\/index.php\/2026\/04\/27\/eso-no-debio-pasar-ahi-no-debio-morir-una-sola-persona-el-duro-testimonio-de-gregory-adames\/","title":{"rendered":"\u00abEso no debi\u00f3 pasar, ah\u00ed no debi\u00f3 morir una sola persona\u00bb: El duro testimonio de Gregory Adames"},"content":{"rendered":"\n<h2 class=\"wp-block-heading has-medium-font-size\"><em><strong>Adames, quien era empleado del establecimiento comercial, declar\u00f3 ante el juez del Primer Juzgado de la Instrucci\u00f3n del Distrito Nacional, que la tragedia fue una \u00abmuerte anunciada\u00bb y que la ambici\u00f3n econ\u00f3mica se antepuso a la seguridad de los clientes y empleados.<\/strong><\/em><\/h2>\n\n\n\n<figure class=\"wp-block-image\"><img decoding=\"async\" src=\"https:\/\/listindiario.com\/files\/image_60_60\/uploads\/2023\/05\/11\/645d0fa7541ad.png\" alt=\"Avatar del Ram\u00f3n Cruz Benz\u00e1n\"\/><\/figure>\n\n\n\n<p><strong><em>\u00a0<\/em>Ram\u00f3n Cruz Benz\u00e1n, Santo Domingo, RD.<\/strong><\/p>\n\n\n\n<p id=\"m59866-59865-59867\">la discoteca&nbsp;<strong>Jet Set<\/strong>, ofreci\u00f3 su testimonio en el que expuso presuntas negligencias y la \u00abinsensibilidad\u00bb de la administraci\u00f3n del establecimiento antes del colapso que cobr\u00f3 la vida de 236 personas y m\u00e1s de 180 personas heridas.<\/p>\n\n\n\n<p id=\"m59871-59870-59872\">Adames, quien era empleado del establecimiento comercial, dijo ante el juez del Primer Juzgado de la Instrucci\u00f3n del Distrito Nacional que la tragedia fue una \u00abmuerte anunciada\u00bb y que la ambici\u00f3n econ\u00f3mica se antepuso a la seguridad de los clientes y empleados.<\/p>\n\n\n\n<p id=\"m59876-59875-59877\">Seg\u00fan el relato de Adames, los problemas estructurales y el\u00e9ctricos no eran nuevos y que los propietarios del Jet Set, Antonio y Maribel Espaillat, ten\u00edan conocimiento de esa situaci\u00f3n.<\/p>\n\n\n\n<figure class=\"wp-block-embed is-type-rich is-provider-twitter wp-block-embed-twitter\"><div class=\"wp-block-embed__wrapper\">\n<blockquote class=\"twitter-tweet\" data-width=\"550\" data-dnt=\"true\"><p lang=\"es\" dir=\"ltr\"><a href=\"https:\/\/twitter.com\/hashtag\/VideoLD?src=hash&amp;ref_src=twsrc%5Etfw\">#VideoLD<\/a> | Adames, quien era empleado del establecimiento comercial, declar\u00f3 ante el juez del Primer Juzgado de la Instrucci\u00f3n del Distrito Nacional, que la tragedia fue una &quot;muerte anunciada&quot;. <br><br>\ud83d\udd17<a href=\"https:\/\/t.co\/iXCL0pmrSn\">https:\/\/t.co\/iXCL0pmrSn<\/a><a href=\"https:\/\/twitter.com\/hashtag\/List%C3%ADnDiario?src=hash&amp;ref_src=twsrc%5Etfw\">#List\u00ednDiario<\/a> <a href=\"https:\/\/t.co\/2s20amz6PF\">pic.twitter.com\/2s20amz6PF<\/a><\/p>&mdash; LIST\u00cdN DIARIO (@ListinDiario) <a href=\"https:\/\/twitter.com\/ListinDiario\/status\/2048879095883210864?ref_src=twsrc%5Etfw\">April 27, 2026<\/a><\/blockquote><script async src=\"https:\/\/platform.twitter.com\/widgets.js\" charset=\"utf-8\"><\/script>\n<\/div><\/figure>\n\n\n\n<p id=\"m59886-59885-59887\">Dijo que tras un incendio previo en el \u00e1rea de la planta el\u00e9ctrica, se instalaron cables provisionales que, seg\u00fan t\u00e9cnicos consultados, no eran aptos para la operaci\u00f3n continua.<\/p>\n\n\n\n<p id=\"m59891-59890-59892\">\u00abDesde 2023 hab\u00eda cables provisionales. Los t\u00e9cnicos dec\u00edan que no se pod\u00eda abrir, pero \u00e9l (Antonio) dec\u00eda que esa semana se abr\u00eda porque se abr\u00eda. Prefer\u00eda resolver con intercambios que invertir en lo que realmente se necesitaba\u00bb, denunci\u00f3 Adames.<\/p>\n\n\n\n<h3 class=\"wp-block-heading\">Lonas para recoger el agua<\/h3>\n\n\n\n<p id=\"m59896-59895-59897\">El testimonio detall\u00f3 una falta de mantenimiento en el techo del local. Adames describi\u00f3 c\u00f3mo, ante las constantes filtraciones y el desprendimiento de plafones, la soluci\u00f3n de la gerencia fue colocar lonas pl\u00e1sticas sobre el techo falso para acumular el agua y vaciarla antes de cada evento, en lugar de reparar la estructura de concreto que ya se estaba desmoronando.<\/p>\n\n\n\n<p id=\"m59901-59900-59902\">\u00abYo mismo sub\u00eda a las escaleras a tumbar los pedazos de concreto que estaban flojos para que no le cayeran a los clientes. Les mandaba fotos, les mandaba videos. Ellos ten\u00edan conocimiento constante\u00bb, asegur\u00f3 Adames.<\/p>\n\n\n\n<p id=\"m59906-59905-59907\">El relato alcanz\u00f3 su punto m\u00e1s cr\u00edtico al describir las horas previas al colapso. Adames narr\u00f3 que, tras un incidente con un cliente al que casi le cae un pedazo de techo a las 11:00 p.m., le suplic\u00f3 a la se\u00f1ora Maribel Espaillat suspender la actividad.<\/p>\n\n\n\n<p id=\"m59911-59910-59912\">\u00abDo\u00f1a, usted est\u00e1 pensando en la fiesta que viene, pero lo que nos est\u00e1n advirtiendo puede ser peor\u00bb y la respuesta de la propietaria fue que la fecha era \u00abdemasiado buena\u00bb para cerrar\u00bb, se\u00f1al\u00f3 en sus palabras.<\/p>\n\n\n\n<h3 class=\"wp-block-heading\">Un clamor por justicia<\/h3>\n\n\n\n<p id=\"m59916-59915-59917\">Gregory Adames rechaz\u00f3 que sus declaraciones se deban a envidia o rencor personal, insistiendo en que su motivaci\u00f3n es la verdad y el respeto a la memoria de las v\u00edctimas, incluidos siete de sus compa\u00f1eros de trabajo que perdieron la vida.<\/p>\n\n\n\n<p id=\"m59921-59920-59922\">\u00abLo que yo escuch\u00e9 ah\u00ed dentro no lo vio nadie. Personas llamando, golpeando bajo los escombros&#8230; esto no es por envidia, es por la verdad. Aqu\u00ed hay un pueblo herido porque murieron 230 y pico de personas que pudieron ser cualquiera\u00bb, concluy\u00f3 ante el juez en un turno en el que las v\u00edctimas tuvieron derecho a la palabra.<\/p>\n","protected":false},"excerpt":{"rendered":"<p>Adames, quien era empleado del establecimiento comercial, declar\u00f3 ante el juez del Primer Juzgado de<\/p>\n","protected":false},"author":1,"featured_media":0,"comment_status":"open","ping_status":"open","sticky":false,"template":"","format":"standard","meta":{"footnotes":""},"categories":[12],"tags":[],"class_list":["post-25730","post","type-post","status-publish","format-standard","hentry","category-nacionales"],"_links":{"self":[{"href":"https:\/\/samantharadionline.com\/index.php\/wp-json\/wp\/v2\/posts\/25730","targetHints":{"allow":["GET"]}}],"collection":[{"href":"https:\/\/samantharadionline.com\/index.php\/wp-json\/wp\/v2\/posts"}],"about":[{"href":"https:\/\/samantharadionline.com\/index.php\/wp-json\/wp\/v2\/types\/post"}],"author":[{"embeddable":true,"href":"https:\/\/samantharadionline.com\/index.php\/wp-json\/wp\/v2\/users\/1"}],"replies":[{"embeddable":true,"href":"https:\/\/samantharadionline.com\/index.php\/wp-json\/wp\/v2\/comments?post=25730"}],"version-history":[{"count":1,"href":"https:\/\/samantharadionline.com\/index.php\/wp-json\/wp\/v2\/posts\/25730\/revisions"}],"predecessor-version":[{"id":25731,"href":"https:\/\/samantharadionline.com\/index.php\/wp-json\/wp\/v2\/posts\/25730\/revisions\/25731"}],"wp:attachment":[{"href":"https:\/\/samantharadionline.com\/index.php\/wp-json\/wp\/v2\/media?parent=25730"}],"wp:term":[{"taxonomy":"category","embeddable":true,"href":"https:\/\/samantharadionline.com\/index.php\/wp-json\/wp\/v2\/categories?post=25730"},{"taxonomy":"post_tag","embeddable":true,"href":"https:\/\/samantharadionline.com\/index.php\/wp-json\/wp\/v2\/tags?post=25730"}],"curies":[{"name":"wp","href":"https:\/\/api.w.org\/{rel}","templated":true}]}}