{"id":25726,"date":"2026-04-27T15:09:28","date_gmt":"2026-04-27T19:09:28","guid":{"rendered":"https:\/\/samantharadionline.com\/?p=25726"},"modified":"2026-04-27T15:09:29","modified_gmt":"2026-04-27T19:09:29","slug":"boca-chica-se-llena-de-sargazo","status":"publish","type":"post","link":"https:\/\/samantharadionline.com\/index.php\/2026\/04\/27\/boca-chica-se-llena-de-sargazo\/","title":{"rendered":"Boca Chica se llena de Sargazo"},"content":{"rendered":"\n<h2 class=\"wp-block-heading has-medium-font-size\"><strong><em>El sargazo es una macroalga parda de color marr\u00f3n que llega todos los a\u00f1os a las cosas de Rep\u00fablica Dominicana<\/em><\/strong><\/h2>\n\n\n\n<p><strong>RLD, Santo Domingo, RD<\/strong><\/p>\n\n\n\n<p id=\"m57182-57181-57183\">Un gran volumen de&nbsp;<strong>sargazo&nbsp;<\/strong>ha arropado en las \u00faltimas horas la<strong>&nbsp;playa de Boca Chica<\/strong>, impidiendo que ba\u00f1istas accedan al agua, seg\u00fan videos enviados a la redacci\u00f3n de&nbsp;<strong>List\u00edn Diario<\/strong>.<\/p>\n\n\n\n<p id=\"m57187-57186-57188\">Uno de los videos muestra una unidad de la Direcci\u00f3n Central de Polic\u00eda de Turismo (<strong>Politur<\/strong>) con la sirena encendida, como se\u00f1al de aviso ante la presencia de esta masa flotante.<\/p>\n\n\n\n<p id=\"m57192-57191-57193\">Algunas embarcaciones han quedado varadas en medio del sargado, seg\u00fan se observan en los videos.<\/p>\n\n\n\n<p><strong>El sargazo es una macroalga parda de color marr\u00f3n<\/strong>\u00a0que llega a las cosas de Rep\u00fablica Dominicana, principalmente al este del pa\u00eds, afectando el\u00a0<strong>turismo\u00a0<\/strong>y el\u00a0<strong>ecosistema<\/strong>.<\/p>\n\n\n\n<p id=\"m57207-57206-57208\">\u201cSe origina en el atl\u00e1ntico; esta alga se aglomera formando manchas grandes en la superficie del mar, donde realiza un&nbsp;<strong>papel ecol\u00f3gico&nbsp;<\/strong>importante sirviendo de criadero, reproducci\u00f3n y refugio para muchas especies marinas\u201d, explica el&nbsp;<strong>Ministerio de Medio Ambiente<\/strong>.<\/p>\n\n\n\n<p id=\"m57212-57211-57213\">Abril y marzo son los meses en los que se registran mayor volumen de esta masa flotante en las&nbsp;<strong>playas dominicanas<\/strong>, seg\u00fan la Oficina Nacional de Estad\u00edstica (<strong>ONE<\/strong>).<\/p>\n\n\n\n<p id=\"m57217-57216-57218\">Por ejemplo, un 42.5% de los casos reportados de sargazo tuvieron lugar en abril de 2023. Otro 27.6% ocurri\u00f3 en marzo.<\/p>\n","protected":false},"excerpt":{"rendered":"<p>El sargazo es una macroalga parda de color marr\u00f3n que llega todos los a\u00f1os a<\/p>\n","protected":false},"author":1,"featured_media":25727,"comment_status":"open","ping_status":"open","sticky":false,"template":"","format":"standard","meta":{"footnotes":""},"categories":[12],"tags":[],"class_list":["post-25726","post","type-post","status-publish","format-standard","has-post-thumbnail","hentry","category-nacionales"],"_links":{"self":[{"href":"https:\/\/samantharadionline.com\/index.php\/wp-json\/wp\/v2\/posts\/25726","targetHints":{"allow":["GET"]}}],"collection":[{"href":"https:\/\/samantharadionline.com\/index.php\/wp-json\/wp\/v2\/posts"}],"about":[{"href":"https:\/\/samantharadionline.com\/index.php\/wp-json\/wp\/v2\/types\/post"}],"author":[{"embeddable":true,"href":"https:\/\/samantharadionline.com\/index.php\/wp-json\/wp\/v2\/users\/1"}],"replies":[{"embeddable":true,"href":"https:\/\/samantharadionline.com\/index.php\/wp-json\/wp\/v2\/comments?post=25726"}],"version-history":[{"count":1,"href":"https:\/\/samantharadionline.com\/index.php\/wp-json\/wp\/v2\/posts\/25726\/revisions"}],"predecessor-version":[{"id":25728,"href":"https:\/\/samantharadionline.com\/index.php\/wp-json\/wp\/v2\/posts\/25726\/revisions\/25728"}],"wp:featuredmedia":[{"embeddable":true,"href":"https:\/\/samantharadionline.com\/index.php\/wp-json\/wp\/v2\/media\/25727"}],"wp:attachment":[{"href":"https:\/\/samantharadionline.com\/index.php\/wp-json\/wp\/v2\/media?parent=25726"}],"wp:term":[{"taxonomy":"category","embeddable":true,"href":"https:\/\/samantharadionline.com\/index.php\/wp-json\/wp\/v2\/categories?post=25726"},{"taxonomy":"post_tag","embeddable":true,"href":"https:\/\/samantharadionline.com\/index.php\/wp-json\/wp\/v2\/tags?post=25726"}],"curies":[{"name":"wp","href":"https:\/\/api.w.org\/{rel}","templated":true}]}}