{"id":25722,"date":"2026-04-27T15:04:42","date_gmt":"2026-04-27T19:04:42","guid":{"rendered":"https:\/\/samantharadionline.com\/?p=25722"},"modified":"2026-04-27T15:04:43","modified_gmt":"2026-04-27T19:04:43","slug":"nueve-personas-fallecidas-por-las-lluvias-que-afectan-al-pais-en-abril","status":"publish","type":"post","link":"https:\/\/samantharadionline.com\/index.php\/2026\/04\/27\/nueve-personas-fallecidas-por-las-lluvias-que-afectan-al-pais-en-abril\/","title":{"rendered":"Nueve personas fallecidas por las lluvias que   afectan al pa\u00eds en abril"},"content":{"rendered":"\n<h2 class=\"wp-block-heading\">Conforme a informaciones del Centro de Operaciones de Emergencias (COE), de la Defensa Civil y reportes period\u00edsticos, al menos nueve personas han perdido la vida por la circunstancia; entre ellas se encuentran ocho de nacionalidad dominicana y una de origen haitiano<\/h2>\n\n\n\n<figure class=\"wp-block-image\"><img decoding=\"async\" src=\"https:\/\/listindiario.com\/files\/image_60_60\/uploads\/2025\/11\/03\/690930036b86b.jpeg\" alt=\"Avatar del Josu\u00e9 Batista Ram\u00edrez\"\/><\/figure>\n\n\n\n<p><strong><em>\u00a0<\/em>Josu\u00e9 Batista Ram\u00edrez, Santo Domingo, RD\u00a0<\/strong><\/p>\n\n\n\n<p id=\"m136452-136451-136453\">Desde la madrugada del mi\u00e9rcoles&nbsp;<strong>8 de abril&nbsp;<\/strong>se han registrado&nbsp;<strong>lluvias torrenciales&nbsp;<\/strong>en distintas partes del pa\u00eds por la incidencia de vaguadas.<\/p>\n\n\n\n<p id=\"m136457-136456-136458\">Esas lluvias han llevado al&nbsp;<strong>Centro de Operaciones de Emergencia&nbsp;<\/strong>(COE) a colocar de manera constante a diferentes provincias bajo los tres tipos de alerta que emite la instituci\u00f3n: verde, amarilla y roja.<\/p>\n\n\n\n<p id=\"m136462-136461-136463\">La situaci\u00f3n, que se ha mantenido en la naci\u00f3n durante el<strong>&nbsp;mes de abril<\/strong>, ha provocado inundaciones, cortes el\u00e9ctricos, desplazamientos, suspensiones de clases y<strong>&nbsp;muertes<\/strong>.<\/p>\n\n\n\n<p id=\"m136467-136466-136468\">Conforme a informaciones del (COE), de la&nbsp;<strong>Defensa Civil<\/strong>&nbsp;y reportes period\u00edsticos, al menos nueve personas han perdido la vida por la circunstancia; entre ellas se encuentran&nbsp;<strong>ocho de nacionalidad<\/strong>&nbsp;dominicana y una de&nbsp;<strong>origen haitiano<\/strong>.<\/p>\n\n\n\n<p id=\"m136472-136471-136473\">Los decesos fueron registrados en el Gran Santo Domingo, Puerto Plata, San Crist\u00f3bal, Monse\u00f1or Nouel y Montecristi.<\/p>\n\n\n\n<p id=\"m136477-136476-136478\"><strong>El 8 de abril,&nbsp;<\/strong>d\u00eda donde el Gran Santo Domingo estuvo m\u00e1s afectado por los aguaceros, el COE confirm\u00f3 la muerte de&nbsp;<strong>una ni\u00f1a de un a\u00f1o y ocho meses<\/strong>&nbsp;por la ca\u00edda de un muro en el municipio de Los Alcarrizos.<\/p>\n\n\n\n<p id=\"m136482-136481-136483\">En esa misma fecha fue localizado el cuerpo de&nbsp;<strong>un<\/strong>&nbsp;<strong>joven de 16 a\u00f1os<\/strong>&nbsp;luego de ser arrastrado por una ca\u00f1ada en Santo Domingo Oeste.<\/p>\n\n\n\n<p id=\"m136487-136486-136488\">D\u00edas despu\u00e9s, el 13 de abril, los aguaceros que afectaron al municipio de Villa Altagracia (San Crist\u00f3bal) provocaron las muertes de una&nbsp;<strong>menor de 7 a\u00f1os<\/strong>&nbsp;y un&nbsp;<strong>joven de 19 a\u00f1os<\/strong>&nbsp;que cruzaba el r\u00edo Cabuya montado en un caballo.<\/p>\n\n\n\n<p id=\"m136492-136491-136493\">Al d\u00eda siguiente, la Defensa Civil revel\u00f3 que recuper\u00f3 los cuerpos sin vida de un&nbsp;<strong>ni\u00f1o de tres a\u00f1os<\/strong>, en Puerto Plata, y de un<strong>&nbsp;joven de 32 a\u00f1os<\/strong>, en Los Corozos, municipio Pedro Brand.<\/p>\n\n\n\n<p id=\"m136497-136496-136498\">El menor fue localizado en la comunidad de Pancho Mateo, en Montellano. Por otro lado, el joven fue arrastrado por el r\u00edo Haina, en la comunidad Los Corozos.<\/p>\n\n\n\n<p id=\"m136502-136501-136503\">De igual forma, el organismo confirm\u00f3 el 22 de abril la recuperaci\u00f3n en Monse\u00f1or Nouel del cuerpo de un&nbsp;<strong>joven de 22 a\u00f1os<\/strong>&nbsp;de nacionalidad haitiana que habr\u00eda desaparecido en las aguas del R\u00edo Yuna.<\/p>\n\n\n\n<p id=\"m136507-136506-136508\">Por \u00faltimo, el 27 de abril,&nbsp;<strong>dos cuerpos sin vida<\/strong>&nbsp;fueron encontrados en la regi\u00f3n Noroeste del pa\u00eds, luego de las intensas lluvias registradas en las \u00faltimas horas.<\/p>\n\n\n\n<p id=\"m136512-136511-136513\">Uno de los fenecidos era&nbsp;<strong>Elvis Rafael Jim\u00e9nez<\/strong>&nbsp;y fue encontrado en el canal Roselia, en el distrito municipal de Villa Elisa (Montecristi).<\/p>\n\n\n\n<p id=\"m136517-136516-136518\">El otro cuerpo fue localizado en las aguas del r\u00edo Yaque del Norte, en el municipio de Casta\u00f1uelas.<\/p>\n\n\n\n<h3 class=\"wp-block-heading\">Prevenciones<\/h3>\n\n\n\n<p id=\"m136522-136521-136523\">El COE tiene, por ahora, bajo alerta amarilla las provincias de Mar\u00eda Trinidad S\u00e1nchez, La Vega y Santiago. En verde se encuentran Santiago Rodr\u00edguez, Espaillat, Duarte, S\u00e1nchez Ram\u00edrez, San Crist\u00f3bal, Peravia, Hermanas Mirabal, Monse\u00f1or Nouel y Puerto Plata.<\/p>\n\n\n\n<p id=\"m136527-136526-136528\">Adem\u00e1s, un informe enviado a los medios de comunicaci\u00f3n por parte de la entidad desvel\u00f3 da\u00f1os por las \u201cfuertes lluvias registradas\u201d en Santiago durante las \u00faltimas horas.<\/p>\n","protected":false},"excerpt":{"rendered":"<p>Conforme a informaciones del Centro de Operaciones de Emergencias (COE), de la Defensa Civil y<\/p>\n","protected":false},"author":1,"featured_media":25723,"comment_status":"open","ping_status":"open","sticky":false,"template":"","format":"standard","meta":{"footnotes":""},"categories":[12],"tags":[],"class_list":["post-25722","post","type-post","status-publish","format-standard","has-post-thumbnail","hentry","category-nacionales"],"_links":{"self":[{"href":"https:\/\/samantharadionline.com\/index.php\/wp-json\/wp\/v2\/posts\/25722","targetHints":{"allow":["GET"]}}],"collection":[{"href":"https:\/\/samantharadionline.com\/index.php\/wp-json\/wp\/v2\/posts"}],"about":[{"href":"https:\/\/samantharadionline.com\/index.php\/wp-json\/wp\/v2\/types\/post"}],"author":[{"embeddable":true,"href":"https:\/\/samantharadionline.com\/index.php\/wp-json\/wp\/v2\/users\/1"}],"replies":[{"embeddable":true,"href":"https:\/\/samantharadionline.com\/index.php\/wp-json\/wp\/v2\/comments?post=25722"}],"version-history":[{"count":1,"href":"https:\/\/samantharadionline.com\/index.php\/wp-json\/wp\/v2\/posts\/25722\/revisions"}],"predecessor-version":[{"id":25724,"href":"https:\/\/samantharadionline.com\/index.php\/wp-json\/wp\/v2\/posts\/25722\/revisions\/25724"}],"wp:featuredmedia":[{"embeddable":true,"href":"https:\/\/samantharadionline.com\/index.php\/wp-json\/wp\/v2\/media\/25723"}],"wp:attachment":[{"href":"https:\/\/samantharadionline.com\/index.php\/wp-json\/wp\/v2\/media?parent=25722"}],"wp:term":[{"taxonomy":"category","embeddable":true,"href":"https:\/\/samantharadionline.com\/index.php\/wp-json\/wp\/v2\/categories?post=25722"},{"taxonomy":"post_tag","embeddable":true,"href":"https:\/\/samantharadionline.com\/index.php\/wp-json\/wp\/v2\/tags?post=25722"}],"curies":[{"name":"wp","href":"https:\/\/api.w.org\/{rel}","templated":true}]}}