{"id":25718,"date":"2026-04-27T15:01:52","date_gmt":"2026-04-27T19:01:52","guid":{"rendered":"https:\/\/samantharadionline.com\/?p=25718"},"modified":"2026-04-27T15:01:53","modified_gmt":"2026-04-27T19:01:53","slug":"propinan-bofetada-en-el-palacio-de-justicia","status":"publish","type":"post","link":"https:\/\/samantharadionline.com\/index.php\/2026\/04\/27\/propinan-bofetada-en-el-palacio-de-justicia\/","title":{"rendered":"Propinan bofetada en el Palacio de Justicia"},"content":{"rendered":"\n<h2 class=\"wp-block-heading has-medium-font-size\"><em><strong>El comunicador Jhossan Capell defend\u00eda a los hermanos Espaillat, mientras el padre vociferaba \u201c son unas ratas\u201d<\/strong><\/em><\/h2>\n\n\n\n<figure class=\"wp-block-image\"><img decoding=\"async\" src=\"https:\/\/listindiario.com\/files\/image_60_60\/uploads\/2023\/05\/11\/645d0fa7541ad.png\" alt=\"Avatar del Ram\u00f3n Cruz Benz\u00e1n\"\/><\/figure>\n\n\n\n<p><strong><em>\u00a0<\/em>Ram\u00f3n Cruz Benz\u00e1n, SANTO DOMINGO, RD<\/strong><\/p>\n\n\n\n<p id=\"m81687-81686-81688\">Un ambiente de tensi\u00f3n se vivi\u00f3 este lunes en los pasillos del\u00a0<strong>Palacio de Justicia<\/strong>\u00a0de Ciudad Nueva, donde se produjo un altercado f\u00edsico entre el comunicador\u00a0<strong>Jhossan Capell\u00a0<\/strong>y el se\u00f1or<strong>\u00a0Jos\u00e9 Luis Custodio<\/strong>, padre de una de las v\u00edctimas del colapso de la\u00a0<strong>discoteca Jet Set<\/strong>.<\/p>\n\n\n\n<p id=\"m81692-81691-81693\">El incidente ocurri\u00f3 en momentos en que Capell ofrec\u00eda declaraciones a los medios de comunicaci\u00f3n en defensa de los propietarios de la discoteca Jet Set, los\u00a0<strong>hermanos\u00a0Antonio<\/strong><a href=\"https:\/\/listindiario.com\/la-republica\/20260427\/comunicador-propina-bofetada-padre-victima-caso-jet-set-palacio-justicia_903431.html\">\u00a0<\/a>y\u00a0<strong>Maribel Espaillat<\/strong>.<\/p>\n\n\n\n<p id=\"m81697-81696-81698\">El comunicador resaltaba cualidades de los&nbsp;<strong>hermanos Espaillat<\/strong>, afirmando que estos \u00abhan ayudado a mucha gente\u00bb a lo largo de su trayectoria.<\/p>\n\n\n\n<p id=\"m81702-81701-81703\">Mientras Capell hablaba ante las c\u00e1maras, fue interrumpido por Custodio, quien lo contradijo de manera airada vociferando el calificativo de \u00ab<strong>asesino<\/strong>\u00bb en referencia a los imputados.<\/p>\n\n\n\n<p id=\"m81707-81706-81708\">El comunicador reaccion\u00f3 de forma violenta propin\u00e1ndole una bofetada al se\u00f1or Custodio frente a todos, quedando captado en videos.<\/p>\n\n\n\n<p id=\"m81712-81711-81713\">Inmediatamente despu\u00e9s de la&nbsp;<strong>agresi\u00f3n<\/strong>, agentes de Protecci\u00f3n Judicial intervinieron para evitar que el&nbsp;<strong>conflicto&nbsp;<\/strong>escalara.<\/p>\n\n\n\n<p id=\"m81717-81716-81718\">El comunicador fue retirado de las instalaciones del Palacio de Justicia por los oficiales de seguridad.<\/p>\n\n\n\n<figure class=\"wp-block-image\" id=\"m81722-81721-81723\"><img decoding=\"async\" src=\"https:\/\/listindiario.com\/files\/vertical_main_image\/files\/fp\/uploads\/2026\/04\/27\/69ef8199b321f.r_d.403-523.jpeg\" alt=\"Comunicador Jhossan Capell, en actitud violenta\"\/><figcaption class=\"wp-element-caption\">Comunicador Jhossan Capell, en actitud violenta<\/figcaption><\/figure>\n\n\n\n<h3 class=\"wp-block-heading\">Perfil del agresor<\/h3>\n\n\n\n<p id=\"m81734-81733-81735\"><strong>Jhossan Capell<\/strong>, adem\u00e1s de su labor como comunicador, es una figura conocida en la regi\u00f3n este del pa\u00eds, habiendo desempe\u00f1ado funciones como&nbsp;<strong>alcalde de la comunidad de Santa Luc\u00eda<\/strong>, en la provincia de&nbsp;<strong>El Seibo<\/strong>.<\/p>\n\n\n\n<p id=\"m81739-81738-81740\">El se\u00f1or J<strong>os\u00e9 Luis Custodio<\/strong>, afectado por el golpe, reiter\u00f3 su posici\u00f3n de exigencia de justicia tras el&nbsp;<strong>incidente<\/strong>.<\/p>\n","protected":false},"excerpt":{"rendered":"<p>El comunicador Jhossan Capell defend\u00eda a los hermanos Espaillat, mientras el padre vociferaba \u201c son<\/p>\n","protected":false},"author":1,"featured_media":25719,"comment_status":"open","ping_status":"open","sticky":false,"template":"","format":"standard","meta":{"footnotes":""},"categories":[12],"tags":[],"class_list":["post-25718","post","type-post","status-publish","format-standard","has-post-thumbnail","hentry","category-nacionales"],"_links":{"self":[{"href":"https:\/\/samantharadionline.com\/index.php\/wp-json\/wp\/v2\/posts\/25718","targetHints":{"allow":["GET"]}}],"collection":[{"href":"https:\/\/samantharadionline.com\/index.php\/wp-json\/wp\/v2\/posts"}],"about":[{"href":"https:\/\/samantharadionline.com\/index.php\/wp-json\/wp\/v2\/types\/post"}],"author":[{"embeddable":true,"href":"https:\/\/samantharadionline.com\/index.php\/wp-json\/wp\/v2\/users\/1"}],"replies":[{"embeddable":true,"href":"https:\/\/samantharadionline.com\/index.php\/wp-json\/wp\/v2\/comments?post=25718"}],"version-history":[{"count":1,"href":"https:\/\/samantharadionline.com\/index.php\/wp-json\/wp\/v2\/posts\/25718\/revisions"}],"predecessor-version":[{"id":25720,"href":"https:\/\/samantharadionline.com\/index.php\/wp-json\/wp\/v2\/posts\/25718\/revisions\/25720"}],"wp:featuredmedia":[{"embeddable":true,"href":"https:\/\/samantharadionline.com\/index.php\/wp-json\/wp\/v2\/media\/25719"}],"wp:attachment":[{"href":"https:\/\/samantharadionline.com\/index.php\/wp-json\/wp\/v2\/media?parent=25718"}],"wp:term":[{"taxonomy":"category","embeddable":true,"href":"https:\/\/samantharadionline.com\/index.php\/wp-json\/wp\/v2\/categories?post=25718"},{"taxonomy":"post_tag","embeddable":true,"href":"https:\/\/samantharadionline.com\/index.php\/wp-json\/wp\/v2\/tags?post=25718"}],"curies":[{"name":"wp","href":"https:\/\/api.w.org\/{rel}","templated":true}]}}