{"id":25715,"date":"2026-04-27T14:56:17","date_gmt":"2026-04-27T18:56:17","guid":{"rendered":"https:\/\/samantharadionline.com\/?p=25715"},"modified":"2026-04-27T14:56:17","modified_gmt":"2026-04-27T18:56:17","slug":"se-accidenta-escolta-presidencial-y-hay-tres-heridos-en-puerto-plata","status":"publish","type":"post","link":"https:\/\/samantharadionline.com\/index.php\/2026\/04\/27\/se-accidenta-escolta-presidencial-y-hay-tres-heridos-en-puerto-plata\/","title":{"rendered":"Se accidenta escolta presidencial y hay tres heridos en Puerto Plata"},"content":{"rendered":"\n<h2 class=\"wp-block-heading has-medium-font-size\"><em><strong>Informaciones compartidas en una nota de prensa se\u00f1alan que las tres personas presentan diversos traumas y fueron trasladadas a centros de salud cercanos, donde reciben las atenciones m\u00e9dicas<\/strong><\/em><\/h2>\n\n\n\n<p><strong>Santo Domingo, RD.<\/strong><\/p>\n\n\n\n<p id=\"m59928-59927-59929\">La Presidencia de la Rep\u00fablica inform\u00f3 que a las 8:56 de la ma\u00f1ana de este lunes, personal de la avanzada del presidente\u00a0<strong>Luis Abinader<\/strong>\u00a0sufri\u00f3 un\u00a0<strong>accidente de tr\u00e1nsito<\/strong>\u00a0en el tramo carretero Maim\u00f3n\u2013<strong>Puerto Plata<\/strong>, mientras se trasladaba hacia una actividad oficial.<\/p>\n\n\n\n<p id=\"m59933-59932-59934\">Por el hecho resultaron heridos dos miembros del Cuerpo de&nbsp;<strong>Seguridad Presidencial&nbsp;<\/strong>(CUSEP) y un ciudadano.<\/p>\n\n\n\n<p id=\"m59938-59937-59939\">Informaciones compartidas en una nota de prensa se\u00f1alan que las tres personas presentan diversos&nbsp;<strong>traumas&nbsp;<\/strong>y fueron trasladadas a centros de salud cercanos, donde reciben las atenciones m\u00e9dicas.<\/p>\n\n\n\n<p id=\"m59943-59942-59944\">Los escoltas del mandatario se dirig\u00edan a Puerto Plata a bordo de un&nbsp;<strong>veh\u00edculo presidencial<\/strong>. En im\u00e1genes se ven ambos veh\u00edculos volcados en lo que parece ser una ca\u00f1ada a un lado de la carretera.<\/p>\n\n\n\n<p id=\"m59948-59947-59949\">Se precisa que el&nbsp;<strong>presidente de la Rep\u00fablica&nbsp;<\/strong>no se desplazaba en la caravana al momento del&nbsp;<strong>incidente<\/strong>.<\/p>\n\n\n\n<p id=\"m59953-59952-59954\">A las 11:00 a. m.&nbsp;<strong>Luis Abinader<\/strong>&nbsp;encabezar\u00e1 la&nbsp;<strong>inauguraci\u00f3n de la Plaza Sos\u00faa<\/strong>, en la provincia de&nbsp;<strong>Puerto Plata<\/strong>.<\/p>\n","protected":false},"excerpt":{"rendered":"<p>Informaciones compartidas en una nota de prensa se\u00f1alan que las tres personas presentan diversos traumas<\/p>\n","protected":false},"author":1,"featured_media":25716,"comment_status":"open","ping_status":"open","sticky":false,"template":"","format":"standard","meta":{"footnotes":""},"categories":[12],"tags":[],"class_list":["post-25715","post","type-post","status-publish","format-standard","has-post-thumbnail","hentry","category-nacionales"],"_links":{"self":[{"href":"https:\/\/samantharadionline.com\/index.php\/wp-json\/wp\/v2\/posts\/25715","targetHints":{"allow":["GET"]}}],"collection":[{"href":"https:\/\/samantharadionline.com\/index.php\/wp-json\/wp\/v2\/posts"}],"about":[{"href":"https:\/\/samantharadionline.com\/index.php\/wp-json\/wp\/v2\/types\/post"}],"author":[{"embeddable":true,"href":"https:\/\/samantharadionline.com\/index.php\/wp-json\/wp\/v2\/users\/1"}],"replies":[{"embeddable":true,"href":"https:\/\/samantharadionline.com\/index.php\/wp-json\/wp\/v2\/comments?post=25715"}],"version-history":[{"count":1,"href":"https:\/\/samantharadionline.com\/index.php\/wp-json\/wp\/v2\/posts\/25715\/revisions"}],"predecessor-version":[{"id":25717,"href":"https:\/\/samantharadionline.com\/index.php\/wp-json\/wp\/v2\/posts\/25715\/revisions\/25717"}],"wp:featuredmedia":[{"embeddable":true,"href":"https:\/\/samantharadionline.com\/index.php\/wp-json\/wp\/v2\/media\/25716"}],"wp:attachment":[{"href":"https:\/\/samantharadionline.com\/index.php\/wp-json\/wp\/v2\/media?parent=25715"}],"wp:term":[{"taxonomy":"category","embeddable":true,"href":"https:\/\/samantharadionline.com\/index.php\/wp-json\/wp\/v2\/categories?post=25715"},{"taxonomy":"post_tag","embeddable":true,"href":"https:\/\/samantharadionline.com\/index.php\/wp-json\/wp\/v2\/tags?post=25715"}],"curies":[{"name":"wp","href":"https:\/\/api.w.org\/{rel}","templated":true}]}}