{"id":25709,"date":"2026-04-27T08:46:59","date_gmt":"2026-04-27T12:46:59","guid":{"rendered":"https:\/\/samantharadionline.com\/?p=25709"},"modified":"2026-04-27T08:47:01","modified_gmt":"2026-04-27T12:47:01","slug":"protestan-en-la-cuaba-en-contra-de-decisiones-medioambientales","status":"publish","type":"post","link":"https:\/\/samantharadionline.com\/index.php\/2026\/04\/27\/protestan-en-la-cuaba-en-contra-de-decisiones-medioambientales\/","title":{"rendered":"Protestan en la Cuaba en contra de decisiones medioambientales"},"content":{"rendered":"\n<h2 class=\"wp-block-heading has-medium-font-size\"><em><strong>Comunitarios del municipio de La Cuaba y organizaciones populares y ambientales de las provincias San Juan de la Maguana, San Francisco de Macor\u00eds, el municipio de Moca, la zona de Licey al Medio en Santiago y Navarrete protestan este lunes en contra de la instalaci\u00f3n de un relleno sanitario y la explotaci\u00f3n minera en el pa\u00eds<\/strong><\/em><\/h2>\n\n\n\n<figure class=\"wp-block-image\"><img decoding=\"async\" src=\"https:\/\/listindiario.com\/files\/image_60_60\/uploads\/2023\/05\/24\/646e8604494e2.jpeg\" alt=\"Avatar del Yudelka Dom\u00ednguez\"\/><\/figure>\n\n\n\n<p><strong><em>\u00a0<\/em>Yudelka Dom\u00ednguez, Santo Domingo, R<\/strong><\/p>\n\n\n\n<p id=\"m62510-62509-62511\">Comunitarios del municipio de La Cuaba y organizaciones populares y ambientales de las provincias San Juan de la Maguana, San Francisco de Macor\u00eds, el municipio de Moca, la zona de Licey al Medio en Santiago y Navarrete protestan este lunes en contra de la instalaci\u00f3n de un relleno sanitario y la explotaci\u00f3n minera en el pa\u00eds.<\/p>\n\n\n\n<p id=\"m62515-62514-62516\">Residentes de La Cuaba convocaron a una marcha pac\u00edfica hasta el Palacio Nacional, ante su&nbsp;<strong>negativa de que se instale un relleno sanitario en esa comunidad.<\/strong><\/p>\n\n\n\n<p id=\"m62520-62519-62521\">La caminata est\u00e1 convocada para<strong>&nbsp;este lunes 27 de abril a las 10:00 de la ma\u00f1ana y est\u00e1&nbsp;<\/strong>organizada por el Movimiento No Vertedero, as\u00ed como la Coordinadora Popular de Lucha Nacional.<\/p>\n\n\n\n<p id=\"m62525-62524-62526\">\u201cEl pr\u00f3ximo lunes 27 de abril estaremos marchando, el movimiento no vertedero de La Cuaba, estaremos marchando al Palacio Nacional conjuntamente con la Coordinadora Popular Nacional de Lucha, en reclamo y para levantar nuestra voz de que no se instale&nbsp;<strong>el proyecto de vertedero y planta de reciclaje Oakhouse en los Aguacate<\/strong>s del distrito municipal de La Cuaba\u201d, precis\u00f3 Fabio Correa, presidente de la Junta de Desarrollo de La Cuaba y dirigente del movimiento.<\/p>\n\n\n\n<ul class=\"wp-block-list\">\n<li class=\"has-larger-font-size\"><img loading=\"lazy\" decoding=\"async\" width=\"110\" height=\"110\" src=\"https:\/\/listindiario.com\/files\/image_110_110\/uploads\/2025\/12\/30\/6954784058c19.jpeg\" alt=\"Los comunitarios del sector La Cuaba advirtieron que retomar\u00e1n las protestas en el 2026.\">Comunitarios de La Cuaba marchar\u00e1n al Palacio Nacional este lunes en contra de vertedero<\/li>\n<\/ul>\n\n\n\n<p><strong>Lea tambi\u00e9n<\/strong><\/p>\n\n\n\n<p id=\"m62535-62534-62536\">Tambi\u00e9n con un paro de labores en toda la provincia de San Juan, organizaciones populares y ambientales est\u00e1n llamando a protestar en contra de que la&nbsp;<strong>empresa GoldQuest Mining Corp,&nbsp;<\/strong>bajo el nombre de Proyecto Romero, explote oro y cobre en esa demarcaci\u00f3n.<\/p>\n\n\n\n<p id=\"m62540-62539-62541\">A la huelga por 24 horas, empezando desde las 6:00 de la ma\u00f1ana, se une adem\u00e1s<strong>&nbsp;San Francisco de Macor\u00eds, Moca, Licey y Navarrete, quienes rechazan&nbsp;<\/strong>cualquier tipo de explotaci\u00f3n dentro del territorio dominicano y denuncian que esta actividad contamina los recursos naturales.<\/p>\n\n\n\n<p id=\"m62545-62544-62546\">GoldQuest Mining Corp manifest\u00f3 en una rueda de prensa que sectores acad\u00e9micos y cient\u00edficos eval\u00faen la mina de oro y determinen su impacto al medio ambiente.&nbsp;<\/p>\n","protected":false},"excerpt":{"rendered":"<p>Comunitarios del municipio de La Cuaba y organizaciones populares y ambientales de las provincias San<\/p>\n","protected":false},"author":1,"featured_media":25710,"comment_status":"open","ping_status":"open","sticky":false,"template":"","format":"standard","meta":{"footnotes":""},"categories":[12],"tags":[],"class_list":["post-25709","post","type-post","status-publish","format-standard","has-post-thumbnail","hentry","category-nacionales"],"_links":{"self":[{"href":"https:\/\/samantharadionline.com\/index.php\/wp-json\/wp\/v2\/posts\/25709","targetHints":{"allow":["GET"]}}],"collection":[{"href":"https:\/\/samantharadionline.com\/index.php\/wp-json\/wp\/v2\/posts"}],"about":[{"href":"https:\/\/samantharadionline.com\/index.php\/wp-json\/wp\/v2\/types\/post"}],"author":[{"embeddable":true,"href":"https:\/\/samantharadionline.com\/index.php\/wp-json\/wp\/v2\/users\/1"}],"replies":[{"embeddable":true,"href":"https:\/\/samantharadionline.com\/index.php\/wp-json\/wp\/v2\/comments?post=25709"}],"version-history":[{"count":1,"href":"https:\/\/samantharadionline.com\/index.php\/wp-json\/wp\/v2\/posts\/25709\/revisions"}],"predecessor-version":[{"id":25711,"href":"https:\/\/samantharadionline.com\/index.php\/wp-json\/wp\/v2\/posts\/25709\/revisions\/25711"}],"wp:featuredmedia":[{"embeddable":true,"href":"https:\/\/samantharadionline.com\/index.php\/wp-json\/wp\/v2\/media\/25710"}],"wp:attachment":[{"href":"https:\/\/samantharadionline.com\/index.php\/wp-json\/wp\/v2\/media?parent=25709"}],"wp:term":[{"taxonomy":"category","embeddable":true,"href":"https:\/\/samantharadionline.com\/index.php\/wp-json\/wp\/v2\/categories?post=25709"},{"taxonomy":"post_tag","embeddable":true,"href":"https:\/\/samantharadionline.com\/index.php\/wp-json\/wp\/v2\/tags?post=25709"}],"curies":[{"name":"wp","href":"https:\/\/api.w.org\/{rel}","templated":true}]}}