{"id":25700,"date":"2026-04-27T07:37:31","date_gmt":"2026-04-27T11:37:31","guid":{"rendered":"https:\/\/samantharadionline.com\/?p=25700"},"modified":"2026-04-27T07:37:32","modified_gmt":"2026-04-27T11:37:32","slug":"ataque-en-el-cauca-deja-20-muertos-a-un-mes-de-las-elecciones","status":"publish","type":"post","link":"https:\/\/samantharadionline.com\/index.php\/2026\/04\/27\/ataque-en-el-cauca-deja-20-muertos-a-un-mes-de-las-elecciones\/","title":{"rendered":"\u00a0Ataque en el Cauca deja 20 muertos, a un mes de las elecciones"},"content":{"rendered":"\n<p class=\"has-medium-font-size\"><em>Un atentado ocurrido el fin de semana dej\u00f3 20 muertos y 36 heridos en una carretera del departamento del Cauca, al suroeste de Colombia, cuando falta poco m\u00e1s de un mes para las elecciones presidenciales. Las autoridades atribuyeron el ataque a los rebeldes de la extinta guerrilla de las FARC.\u00a0Con informaci\u00f3n de Diana Jall\u00f3n, corresponsal de RFI en Colombia.\u00a0<\/em><\/p>\n\n\n\n<p><strong>Por: RFI con AFP<\/strong><\/p>\n\n\n\n<p>Colombia vivi\u00f3 uno de los fines de semana m\u00e1s violentos del \u00faltimo a\u00f1o, con m\u00e1s 26 ataques en menos de 48 horas, la mayor\u00eda de ellos con epicentro en el departamento del Cauca. El hecho m\u00e1s grave ocurri\u00f3 en la v\u00eda Panamericana, en el municipio de Cajib\u00edo de ese departamento, donde un atentado con explosivos contra varios veh\u00edculos dej\u00f3 20 personas muertas y decenas de heridos. Este ataque ha sido atribuido a las disidencias de la guerrilla de las FARC.<\/p>\n\n\n\n<p>Seg\u00fan el Ej\u00e9rcito, la explosi\u00f3n ocurri\u00f3 en medio de un ret\u00e9n que hab\u00edan instalado los disidentes. La bomba impact\u00f3 a m\u00e1s de una decena de veh\u00edculos y los desplaz\u00f3 varios metros, seg\u00fan testigos del atentado. La AFP capt\u00f3 im\u00e1genes de cuerpos cubiertos, veh\u00edculos destrozados y un enorme cr\u00e1ter en la v\u00eda. Videos que circulan en redes sociales muestran restos de las v\u00edctimas esparcidos por el suelo.<\/p>\n\n\n\n<p>La magnitud de la explosi\u00f3n provoc\u00f3 graves da\u00f1os en la infraestructura vial en esa zona del pa\u00eds y ha llevado al colapso de las v\u00edas que conectan hacia el centro del pa\u00eds.<\/p>\n\n\n\n<p>El presidente Gustavo Petro calific\u00f3 los hechos como actos de terrorismo y anunci\u00f3 acciones inmediatas que podr\u00edan incluir denuncias ante instancias internacionales como el Tribunal Penal Internacional. Asimismo, orden\u00f3 reforzar las operaciones militares y de inteligencia en todo el pa\u00eds.<\/p>\n\n\n\n<h2 class=\"wp-block-heading\"><strong>Tres d\u00edas de duelo en el Cauca&nbsp;<\/strong><\/h2>\n\n\n\n<p>Desde la oposici\u00f3n han surgido cr\u00edticas a la pol\u00edtica de paz total del presidente Petro, se\u00f1alando que esta habr\u00eda permitido el fortalecimiento de grupos armados ilegales y el deterioro del orden p\u00fablico. Los candidatos presidenciales Paloma Valencia y Abelardo de la Espriella han exigido una revisi\u00f3n de la estrategia de seguridad del gobierno. En el departamento del Cauca se decret\u00f3 tres d\u00edas de duelo y las autoridades han pedido mayor presencia del Estado.<\/p>\n\n\n\n<p>Los rebeldes siembran el terror en las regiones del Cauca y el Valle del Cauca, con una seguidilla de atentados que arranc\u00f3 el viernes con un ataque bomba contra una base militar en la ciudad de Cali, que dej\u00f3 dos heridos.<\/p>\n\n\n\n<p>Se han registrado 26 ataques desde entonces, seg\u00fan el Ej\u00e9rcito.<\/p>\n\n\n\n<p>Las facciones lideradas por Iv\u00e1n Mordisco, el criminal m\u00e1s buscado de Colombia, hostigan a la fuerza p\u00fablica con explosivos, drones y fuego cruzado como muestra de su poder en la zona.<\/p>\n\n\n\n<p>La disidencia de las FARC al mando de alias Iv\u00e1n Mordisco decidi\u00f3 levantarse de la mesa de negociaciones en 2024 y aument\u00f3 la presi\u00f3n contra civiles y fuerza p\u00fablica.<\/p>\n\n\n\n<p>La oposici\u00f3n, expresidentes y militares en retiro critican la pol\u00edtica de paz de Petro y lo acusan de ser indulgente con los criminales.<\/p>\n","protected":false},"excerpt":{"rendered":"<p>Un atentado ocurrido el fin de semana dej\u00f3 20 muertos y 36 heridos en una<\/p>\n","protected":false},"author":1,"featured_media":25701,"comment_status":"open","ping_status":"open","sticky":false,"template":"","format":"standard","meta":{"footnotes":""},"categories":[4],"tags":[],"class_list":["post-25700","post","type-post","status-publish","format-standard","has-post-thumbnail","hentry","category-mundiales"],"_links":{"self":[{"href":"https:\/\/samantharadionline.com\/index.php\/wp-json\/wp\/v2\/posts\/25700","targetHints":{"allow":["GET"]}}],"collection":[{"href":"https:\/\/samantharadionline.com\/index.php\/wp-json\/wp\/v2\/posts"}],"about":[{"href":"https:\/\/samantharadionline.com\/index.php\/wp-json\/wp\/v2\/types\/post"}],"author":[{"embeddable":true,"href":"https:\/\/samantharadionline.com\/index.php\/wp-json\/wp\/v2\/users\/1"}],"replies":[{"embeddable":true,"href":"https:\/\/samantharadionline.com\/index.php\/wp-json\/wp\/v2\/comments?post=25700"}],"version-history":[{"count":1,"href":"https:\/\/samantharadionline.com\/index.php\/wp-json\/wp\/v2\/posts\/25700\/revisions"}],"predecessor-version":[{"id":25702,"href":"https:\/\/samantharadionline.com\/index.php\/wp-json\/wp\/v2\/posts\/25700\/revisions\/25702"}],"wp:featuredmedia":[{"embeddable":true,"href":"https:\/\/samantharadionline.com\/index.php\/wp-json\/wp\/v2\/media\/25701"}],"wp:attachment":[{"href":"https:\/\/samantharadionline.com\/index.php\/wp-json\/wp\/v2\/media?parent=25700"}],"wp:term":[{"taxonomy":"category","embeddable":true,"href":"https:\/\/samantharadionline.com\/index.php\/wp-json\/wp\/v2\/categories?post=25700"},{"taxonomy":"post_tag","embeddable":true,"href":"https:\/\/samantharadionline.com\/index.php\/wp-json\/wp\/v2\/tags?post=25700"}],"curies":[{"name":"wp","href":"https:\/\/api.w.org\/{rel}","templated":true}]}}