{"id":25685,"date":"2026-04-27T07:25:26","date_gmt":"2026-04-27T11:25:26","guid":{"rendered":"https:\/\/samantharadionline.com\/?p=25685"},"modified":"2026-04-27T07:25:26","modified_gmt":"2026-04-27T11:25:26","slug":"omsa-inicia-nueva-etapa-con-15-autobuses-renovados","status":"publish","type":"post","link":"https:\/\/samantharadionline.com\/index.php\/2026\/04\/27\/omsa-inicia-nueva-etapa-con-15-autobuses-renovados\/","title":{"rendered":"OMSA inicia nueva etapa con 15 autobuses renovados"},"content":{"rendered":"\n<p class=\"has-medium-font-size\"><em>El director de la OMSA adelant\u00f3 la implementaci\u00f3n junto con el Ministerio de Turismo de autobuses el\u00e9ctricos, con un primer corredor tur\u00edstico que iniciar\u00e1 operaciones en junio, y que ser\u00e1 operado por mujeres conductoras capacitadas<\/em><\/p>\n\n\n\n<p><strong>Rosa Luna, Santo Domingo, RD<\/strong><\/p>\n\n\n\n<p id=\"m3895-3894-3896\">La Operadora Metropolitana de Servicios de Autobuses (<strong>OMS<\/strong>) inici\u00f3 ayer domingo 26 de abril su nueva etapa, que contar\u00e1 con&nbsp;<strong>15 autobuses renovados<\/strong>&nbsp;en el&nbsp;<strong>Corredor 27 de Febrero,<\/strong>&nbsp;los cuales contar\u00e1n con el pago electr\u00f3nico integrado.<\/p>\n\n\n\n<p id=\"m3900-3899-3901\">El director de la OMSA,&nbsp;<strong>On\u00e9simo Antonio Gonz\u00e1lez,<\/strong>&nbsp;anunci\u00f3 que durante los primeros 15 d\u00edas de operaci\u00f3n de los autobuses, los usuarios podr\u00e1n hacer uso del transporte de manera gratuita.<\/p>\n\n\n\n<p id=\"m3905-3904-3906\">Este servicio contar\u00e1 con una<strong>&nbsp;tarifa integrada<\/strong>&nbsp;de transporte donde se podr\u00e1 subir a la OMSA, el Metro de Santo Domingo y el Telef\u00e9rico de Santo Domingo. Tendr\u00e1 un valor de RD$35 para pago electr\u00f3nico con tarjeta Metro, cr\u00e9dito o d\u00e9bito.<\/p>\n\n\n\n<p id=\"m3910-3909-3911\">\u201cLa OMSA inicia una nueva etapa y no precisamente por el cambio de su l\u00ednea gr\u00e1fica. La nueva OMSA no comienza solo con autobuses renovados, comienza con una nueva forma de servirles a los usuarios\u201d, manifest\u00f3 durante el relanzamiento en la sede central de la OMSA en la Prolongaci\u00f3n 27 de Febrero.<\/p>\n\n\n\n<p>PUBLICIDAD<\/p>\n\n\n\n<p id=\"m3915-3914-3916\">Gonz\u00e1lez se\u00f1al\u00f3 que este relanzamiento marca el inicio de una nueva visi\u00f3n institucional, orientada a dignificar el transporte p\u00fablico colectivo, ofrecer mayor comodidad y reducir el tiempo de espera de los usuarios en las paradas.<\/p>\n\n\n\n<p id=\"m3920-3919-3921\">\u201cEsos dos meses de lluvia que nos han azotado no nos han permitido tener una flota mayor en la calle, pero en la pr\u00f3xima semana habr\u00e1 10 autobuses y as\u00ed ir\u00e1n increment\u00e1ndose con la estabilidad del tiempo\u201d, explic\u00f3.<\/p>\n\n\n\n<p id=\"m3925-3924-3926\">El Corredor 27 de Febrero tendr\u00e1<strong>&nbsp;dos anillos<\/strong>: un primer anillo denominado Corredor avenida 27 de Febrero Santo Domingo Oeste, que iniciar\u00e1 en Los Alcarrizos y finalizar\u00e1 en la calle Barahona con Dr. Jos\u00e9 Betances del sector de Villa Francisca, y un segundo anillo, denominado Corredor avenida 27 de Febrero Santo Domingo Este, que iniciar\u00e1 en el m\u00f3dulo C2 del Hip\u00f3dromo V Centenario y finalizar\u00e1 en la Zona Universitaria del Distrito Nacional.<\/p>\n\n\n\n<p id=\"m3930-3929-3931\">Adem\u00e1s,&nbsp;<strong>el primer anillo,&nbsp;<\/strong>el Corredor Avenida 27 de Febrero, Santo Domingo Oeste, operar\u00e1 45 autobuses, de los cuales 25 ser\u00e1n articulados de 160 pasajeros y 20 r\u00edgidos con capacidad de 90 pasajeros, realizando un servicio de 5:00 de la ma\u00f1ana a 11:00 de la noche.<\/p>\n\n\n\n<p id=\"m3935-3934-3936\">Actualmente, la OMSA se encuentra en la&nbsp;<strong>recuperaci\u00f3n de 320 autobuses,<\/strong>&nbsp;que anteriormente carec\u00edan de aire acondicionado y presentaban condiciones inadecuadas. Como parte del proceso, se est\u00e1n llevando a cabo pruebas t\u00e9cnicas rigurosas para garantizar la seguridad y calidad del servicio.<\/p>\n\n\n\n<p id=\"m3940-3939-3941\">\u201cLa OMSA hab\u00eda ca\u00eddo; estamos en un proceso donde, de los 320 autobuses que van a ser recuperados, no hab\u00eda un autob\u00fas con aire acondicionado. Esos autobuses estaban forrados de publicidad. Para m\u00ed eso es una agresi\u00f3n a los usuarios. Las personas esperando media hora, una hora o qui\u00e9n sabe si el autob\u00fas llegaba\u201d, garantiz\u00f3 que este plan ayudar\u00e1 a mitigar las deficiencias del transporte.<\/p>\n\n\n\n<h3 class=\"wp-block-heading\">nuevos autobuses<\/h3>\n\n\n\n<p id=\"m3945-3944-3946\">El director de la OMSA anunci\u00f3 que pr\u00f3ximamente&nbsp;<strong>se licitar\u00e1 la compra de 200 nuevos autobuses<\/strong>&nbsp;mediante un proceso transparente, con la participaci\u00f3n de veedores de la prensa y el sector privado.<\/p>\n\n\n\n<p id=\"m3950-3949-3951\">Adem\u00e1s, adelant\u00f3 la implementaci\u00f3n junto con el Ministerio de Turismo de autobuses el\u00e9ctricos, con un primer corredor tur\u00edstico que iniciar\u00e1 operaciones en junio, y que ser\u00e1 operado por mujeres conductoras capacitadas.<\/p>\n\n\n\n<p id=\"m3955-3954-3956\">\u201cQueremos una OMSA blindada en transparencia, tecnolog\u00eda y calidad de servicio. Una instituci\u00f3n p\u00fablica que nadie pueda volver a deteriorar\u201d, afirm\u00f3.<\/p>\n\n\n\n<h3 class=\"wp-block-heading\">mejora en el salario<\/h3>\n\n\n\n<p id=\"m3960-3959-3961\">Gonz\u00e1lez aprovech\u00f3 el relanzamiento de la instituci\u00f3n para dar a conocer las mejoras salariales para el personal operativo.&nbsp;<strong>Los conductores pasaron de devengar RD$30,000 a RD$40,000,&nbsp;<\/strong>mientras que los operadores de autobuses articulados recibir\u00e1n hasta RD$50,000 mensuales.<\/p>\n\n\n\n<p id=\"m3965-3964-3966\">Tambi\u00e9n se trabaja en mejorar las condiciones laborales, incluyendo alimentaci\u00f3n adecuada en jornadas tempranas.<\/p>\n\n\n\n<h3 class=\"wp-block-heading\">juegos centroamericanos y del caribe<\/h3>\n\n\n\n<p id=\"m3970-3969-3971\">Tambi\u00e9n dijo que la&nbsp;<strong>OMSA<\/strong>&nbsp;estar\u00e1 junto al Sistema Nacional de Transporte Estudiantil (<strong>TRAE<\/strong>) para el&nbsp;<strong>traslado de los atletas<\/strong>&nbsp;que participar\u00e1n en los&nbsp;<strong>Juegos Centroamericanos y del Caribe<\/strong>&nbsp;que se realizar\u00e1n desde el 24 de julio al 8 de agosto de 2026.<\/p>\n\n\n\n<p id=\"m3975-3974-3976\">\u201cDurante 15 d\u00edas, del 24 de julio al 8 de agosto, nosotros estaremos d\u00e1ndole servicio para que la gente pueda desplazarse y pasar por la 27 de febrero, que conecta con el Estadio Ol\u00edmpico, donde est\u00e1n la mayor\u00eda de las actividades, y tambi\u00e9n conectaremos el Parque del Este\u201d, dijo.<\/p>\n\n\n\n<p id=\"m3980-3979-3981\">Agreg\u00f3 que asumen la responsabilidad de transportar a los atletas que participar\u00e1n de este evento que contar\u00e1 con la presencia de m\u00e1s de 6,500 atletas.<\/p>\n","protected":false},"excerpt":{"rendered":"<p>El director de la OMSA adelant\u00f3 la implementaci\u00f3n junto con el Ministerio de Turismo de<\/p>\n","protected":false},"author":1,"featured_media":25686,"comment_status":"open","ping_status":"open","sticky":false,"template":"","format":"standard","meta":{"footnotes":""},"categories":[10],"tags":[],"class_list":["post-25685","post","type-post","status-publish","format-standard","has-post-thumbnail","hentry","category-economica"],"_links":{"self":[{"href":"https:\/\/samantharadionline.com\/index.php\/wp-json\/wp\/v2\/posts\/25685","targetHints":{"allow":["GET"]}}],"collection":[{"href":"https:\/\/samantharadionline.com\/index.php\/wp-json\/wp\/v2\/posts"}],"about":[{"href":"https:\/\/samantharadionline.com\/index.php\/wp-json\/wp\/v2\/types\/post"}],"author":[{"embeddable":true,"href":"https:\/\/samantharadionline.com\/index.php\/wp-json\/wp\/v2\/users\/1"}],"replies":[{"embeddable":true,"href":"https:\/\/samantharadionline.com\/index.php\/wp-json\/wp\/v2\/comments?post=25685"}],"version-history":[{"count":1,"href":"https:\/\/samantharadionline.com\/index.php\/wp-json\/wp\/v2\/posts\/25685\/revisions"}],"predecessor-version":[{"id":25687,"href":"https:\/\/samantharadionline.com\/index.php\/wp-json\/wp\/v2\/posts\/25685\/revisions\/25687"}],"wp:featuredmedia":[{"embeddable":true,"href":"https:\/\/samantharadionline.com\/index.php\/wp-json\/wp\/v2\/media\/25686"}],"wp:attachment":[{"href":"https:\/\/samantharadionline.com\/index.php\/wp-json\/wp\/v2\/media?parent=25685"}],"wp:term":[{"taxonomy":"category","embeddable":true,"href":"https:\/\/samantharadionline.com\/index.php\/wp-json\/wp\/v2\/categories?post=25685"},{"taxonomy":"post_tag","embeddable":true,"href":"https:\/\/samantharadionline.com\/index.php\/wp-json\/wp\/v2\/tags?post=25685"}],"curies":[{"name":"wp","href":"https:\/\/api.w.org\/{rel}","templated":true}]}}