{"id":24104,"date":"2026-03-17T12:20:39","date_gmt":"2026-03-17T16:20:39","guid":{"rendered":"https:\/\/samantharadionline.com\/?p=24104"},"modified":"2026-03-17T12:20:39","modified_gmt":"2026-03-17T16:20:39","slug":"el-mayor-portaaviones-de-eeuu-abandona-el-mar-rojo-tras-un-incendio","status":"publish","type":"post","link":"https:\/\/samantharadionline.com\/index.php\/2026\/03\/17\/el-mayor-portaaviones-de-eeuu-abandona-el-mar-rojo-tras-un-incendio\/","title":{"rendered":"El mayor portaaviones de EEUU abandona el mar Rojo tras un incendio"},"content":{"rendered":"\n<p class=\"has-medium-font-size\"><em>La base militar estadounidense de Souda es la \u00fanica en la regi\u00f3n con capacidad para este buque nuclear, el buque militar m\u00e1s grande y potente del mundo<\/em><\/p>\n\n\n\n<figure class=\"wp-block-image\"><img decoding=\"async\" src=\"https:\/\/listindiario.com\/files\/image_60_60\/uploads\/2023\/05\/23\/646cd02f4f53e.jpeg\" alt=\"Avatar del Agencia EFE\"\/><\/figure>\n\n\n\n<p><strong><em>\u00a0<\/em>Agencia EFE, Atenas<\/strong><\/p>\n\n\n\n<p id=\"m15103-15102-15104\">El portaaviones de EEUU &#8216;USS Gerald R. Ford&#8217;, que da apoyo a los bombardeos contra Ir\u00e1n, llegar\u00e1 la semana que viene a una base en la isla griega de Creta desde el mar Rojo para reabastecerse, tras haber sufrido un incendio, inform\u00f3 este martes el diario Kathimerini.<\/p>\n\n\n\n<p id=\"m15108-15107-15109\">Ese diario indica, sin concretar la fuente, que es posible que el regreso a la base mediterr\u00e1nea, desde la que parti\u00f3 el 28 de febrero, tenga que ver con la investigaci\u00f3n sobre el incendio desatado el pasado 12 de marzo en la lavander\u00eda principal del buque.<\/p>\n\n\n\n<p id=\"m15113-15112-15114\">La base militar estadounidense de Souda es la \u00fanica en la regi\u00f3n con capacidad para este buque nuclear, el buque militar m\u00e1s grande y potente del mundo.<\/p>\n\n\n\n<p id=\"m15118-15117-15119\">Ese incendio no estuvo relacionado con los ataques de Estados Unidos a Ir\u00e1n, seg\u00fan inform\u00f3 el mismo d\u00eda del incidente el Comando Central de las Fuerzas Navales de EEUU en su cuenta oficial de X.<\/p>\n\n\n\n<p id=\"m15123-15122-15124\">El incendio pudo ser controlado despu\u00e9s de 30 horas y dej\u00f3 a unos 600 tripulantes, de un total de 4.500 a bordo, sin camas, por lo que desde entonces tienen que dormir en el suelo o sobre mesas, seg\u00fan se\u00f1ala el diario estadounidense The New York Times.<\/p>\n\n\n\n<p id=\"m15128-15127-15129\">Adem\u00e1s, dos marineros tuvieron que recibir atenci\u00f3n m\u00e9dica por heridas leves, seg\u00fan el Comando Central.<\/p>\n\n\n\n<p id=\"m15133-15132-15134\">El &#8216;USS Gerald R. Ford&#8217; lleva ya diez meses desplegado en el mar. Desde el Mediterr\u00e1neo, donde inici\u00f3 su \u00faltima operaci\u00f3n, fue desplegado al Caribe para participar en el bloqueo estadounidense a Venezuela y posteriormente fue enviado a Oriente Medio.<\/p>\n\n\n\n<p id=\"m15138-15137-15139\">Dadas las reacciones de la tripulaci\u00f3n ante las condiciones en el barco que \u00abdistan mucho de ser ideales\u00bb, Estados Unidos est\u00e1 considerando la posibilidad de que el buque sea reemplazado en Oriente Medio por el portaaviones USS George HW Bush, inform\u00f3 The New York Times.<\/p>\n","protected":false},"excerpt":{"rendered":"<p>La base militar estadounidense de Souda es la \u00fanica en la regi\u00f3n con capacidad para<\/p>\n","protected":false},"author":1,"featured_media":24105,"comment_status":"open","ping_status":"open","sticky":false,"template":"","format":"standard","meta":{"footnotes":""},"categories":[4],"tags":[],"class_list":["post-24104","post","type-post","status-publish","format-standard","has-post-thumbnail","hentry","category-mundiales"],"_links":{"self":[{"href":"https:\/\/samantharadionline.com\/index.php\/wp-json\/wp\/v2\/posts\/24104","targetHints":{"allow":["GET"]}}],"collection":[{"href":"https:\/\/samantharadionline.com\/index.php\/wp-json\/wp\/v2\/posts"}],"about":[{"href":"https:\/\/samantharadionline.com\/index.php\/wp-json\/wp\/v2\/types\/post"}],"author":[{"embeddable":true,"href":"https:\/\/samantharadionline.com\/index.php\/wp-json\/wp\/v2\/users\/1"}],"replies":[{"embeddable":true,"href":"https:\/\/samantharadionline.com\/index.php\/wp-json\/wp\/v2\/comments?post=24104"}],"version-history":[{"count":1,"href":"https:\/\/samantharadionline.com\/index.php\/wp-json\/wp\/v2\/posts\/24104\/revisions"}],"predecessor-version":[{"id":24106,"href":"https:\/\/samantharadionline.com\/index.php\/wp-json\/wp\/v2\/posts\/24104\/revisions\/24106"}],"wp:featuredmedia":[{"embeddable":true,"href":"https:\/\/samantharadionline.com\/index.php\/wp-json\/wp\/v2\/media\/24105"}],"wp:attachment":[{"href":"https:\/\/samantharadionline.com\/index.php\/wp-json\/wp\/v2\/media?parent=24104"}],"wp:term":[{"taxonomy":"category","embeddable":true,"href":"https:\/\/samantharadionline.com\/index.php\/wp-json\/wp\/v2\/categories?post=24104"},{"taxonomy":"post_tag","embeddable":true,"href":"https:\/\/samantharadionline.com\/index.php\/wp-json\/wp\/v2\/tags?post=24104"}],"curies":[{"name":"wp","href":"https:\/\/api.w.org\/{rel}","templated":true}]}}