{"id":24100,"date":"2026-03-17T09:40:08","date_gmt":"2026-03-17T13:40:08","guid":{"rendered":"https:\/\/samantharadionline.com\/?p=24100"},"modified":"2026-03-17T09:40:09","modified_gmt":"2026-03-17T13:40:09","slug":"supresion-de-pandillas-desplegaran-en-haiti-a-partir-de-abril","status":"publish","type":"post","link":"https:\/\/samantharadionline.com\/index.php\/2026\/03\/17\/supresion-de-pandillas-desplegaran-en-haiti-a-partir-de-abril\/","title":{"rendered":"Supresi\u00f3n de Pandillas desplegaran en Hait\u00ed a partir de abril"},"content":{"rendered":"\n<p class=\"has-medium-font-size\"><em>El canciller habl\u00f3 del tema luego de finalizar una reuni\u00f3n en la frontera con embajadores de Estados Unidos en Hait\u00ed y la Rep\u00fablica Dominicana, y precis\u00f3 que la fuerza keniana no se retirar\u00e1 de inmediato sino que ser\u00e1 de manera paulatina.<\/em><\/p>\n\n\n\n<figure class=\"wp-block-image\"><img decoding=\"async\" src=\"https:\/\/listindiario.com\/files\/image_60_60\/uploads\/2023\/11\/24\/6560daaddb5fe.jpeg\" alt=\"Avatar del Goidy Reyes\"\/><\/figure>\n\n\n\n<p><em>\u00a0<\/em>Goidy Reyes, Dajab\u00f3n, RD\u00a0<\/p>\n\n\n\n<p id=\"m104879-104878-104880\">Los embajadores de los Estados Unidos en el territorio haitiano y de la\u00a0<strong>Rep\u00fablica Dominicana\u00a0<\/strong>se reunieron en la frontera con el canciller<strong>\u00a0Roberto \u00c1lvarez<\/strong>, as\u00ed como tambi\u00e9n con el ministro de Industria, Comercio y Mypimes,<strong>\u00a0Eduardo Sanz Lovat\u00f3n<\/strong>, y otros funcionarios dominicanos para conocer detalles sobre el despliegue de la nueva Fuerza de Supresi\u00f3n de\u00a0Pandillas en Hait\u00ed.<\/p>\n\n\n\n<p id=\"m104884-104883-104885\">El canciller \u00c1lvarez dijo que la nueva Fuerza de Supresi\u00f3n de Pandillas y que considera importante para pacificar&nbsp;<strong>Hait\u00ed&nbsp;<\/strong>ser\u00e1 desplegada a partir del primero de abril.<\/p>\n\n\n\n<p id=\"m104889-104888-104890\">\u201cNosotros les solicitamos a Estados Unidos que nos dieran un estatus del despliegue de esa fuerza y ese ha sido el objetivo de esta visita hoy aqu\u00ed hasta Dajab\u00f3n, aqu\u00ed no hab\u00eda autoridad haitiana alguna, era solamente los&nbsp;<strong>funcionarios dominicanos<\/strong>&nbsp;que ven aqu\u00ed presente y los funcionarios de la Embajada de los Estados Unidos en&nbsp;<strong>Hait\u00ed&nbsp;<\/strong>y de la embajada de EE. UU. en Rep\u00fablica Dominicana\u201c, dijo \u00c1lvarez.<\/p>\n\n\n\n<p id=\"m104894-104893-104895\">El canciller expres\u00f3 que el primer batall\u00f3n del pa\u00eds de Chad que va a llegar a partir del primero de abril hacia Hait\u00ed, est\u00e1n siendo entrenados en los Estados Unidos ahora mismo y que adem\u00e1s quer\u00edan saber sobre la transici\u00f3n de retirada del vecino pa\u00eds de la fuerza keniana por lo que quer\u00edan saber esos detalles de Estados Unidos.<\/p>\n\n\n\n<p id=\"m104899-104898-104900\">\u201cLa resoluci\u00f3n 2793 llama y establece la fuerza de cinco mil quinientos efectivos, se va a comenzar el primero de abril y la fuerza llegar\u00e1 a 5,500 para octubre de este a\u00f1o\u201d, confirm\u00f3 \u00c1lvarez.<\/p>\n\n\n\n<p id=\"m104904-104903-104905\">El ministro de Relaciones Exteriores dijo al List\u00edn Diario que la<strong>&nbsp;fuerza keniana<\/strong>&nbsp;se ir\u00e1 retirando de Hait\u00ed de manera paulatina, graduar y que no van a salir inmediatamente para que llegue la nueva fuerza, y que se pueda familiarizar con las posiciones de lugar.<\/p>\n","protected":false},"excerpt":{"rendered":"<p>El canciller habl\u00f3 del tema luego de finalizar una reuni\u00f3n en la frontera con embajadores<\/p>\n","protected":false},"author":1,"featured_media":24101,"comment_status":"open","ping_status":"open","sticky":false,"template":"","format":"standard","meta":{"footnotes":""},"categories":[12],"tags":[],"class_list":["post-24100","post","type-post","status-publish","format-standard","has-post-thumbnail","hentry","category-nacionales"],"_links":{"self":[{"href":"https:\/\/samantharadionline.com\/index.php\/wp-json\/wp\/v2\/posts\/24100","targetHints":{"allow":["GET"]}}],"collection":[{"href":"https:\/\/samantharadionline.com\/index.php\/wp-json\/wp\/v2\/posts"}],"about":[{"href":"https:\/\/samantharadionline.com\/index.php\/wp-json\/wp\/v2\/types\/post"}],"author":[{"embeddable":true,"href":"https:\/\/samantharadionline.com\/index.php\/wp-json\/wp\/v2\/users\/1"}],"replies":[{"embeddable":true,"href":"https:\/\/samantharadionline.com\/index.php\/wp-json\/wp\/v2\/comments?post=24100"}],"version-history":[{"count":1,"href":"https:\/\/samantharadionline.com\/index.php\/wp-json\/wp\/v2\/posts\/24100\/revisions"}],"predecessor-version":[{"id":24102,"href":"https:\/\/samantharadionline.com\/index.php\/wp-json\/wp\/v2\/posts\/24100\/revisions\/24102"}],"wp:featuredmedia":[{"embeddable":true,"href":"https:\/\/samantharadionline.com\/index.php\/wp-json\/wp\/v2\/media\/24101"}],"wp:attachment":[{"href":"https:\/\/samantharadionline.com\/index.php\/wp-json\/wp\/v2\/media?parent=24100"}],"wp:term":[{"taxonomy":"category","embeddable":true,"href":"https:\/\/samantharadionline.com\/index.php\/wp-json\/wp\/v2\/categories?post=24100"},{"taxonomy":"post_tag","embeddable":true,"href":"https:\/\/samantharadionline.com\/index.php\/wp-json\/wp\/v2\/tags?post=24100"}],"curies":[{"name":"wp","href":"https:\/\/api.w.org\/{rel}","templated":true}]}}