{"id":24097,"date":"2026-03-17T09:36:58","date_gmt":"2026-03-17T13:36:58","guid":{"rendered":"https:\/\/samantharadionline.com\/?p=24097"},"modified":"2026-03-17T09:36:59","modified_gmt":"2026-03-17T13:36:59","slug":"cuba-coincide-con-el-apagon-y-terremoto","status":"publish","type":"post","link":"https:\/\/samantharadionline.com\/index.php\/2026\/03\/17\/cuba-coincide-con-el-apagon-y-terremoto\/","title":{"rendered":"Cuba coincide con el apag\u00f3n y terremoto"},"content":{"rendered":"\n<p class=\"has-medium-font-size\"><em>La isla de Cuba ha sufrido esta madrugada un terremoto de magnitud 6, percibido en las provincias de Guant\u00e1namo y de Santiago de Cuba, que ha coincidido con un apag\u00f3n que dej\u00f3 a la mayor parte de su territorio sin suministro el\u00e9ctrico, telefon\u00eda e internet.<\/em><\/p>\n\n\n\n<figure class=\"wp-block-image\"><img decoding=\"async\" src=\"https:\/\/listindiario.com\/files\/image_60_60\/uploads\/2023\/05\/23\/646cd02f4f53e.jpeg\" alt=\"Avatar del Agencia EFE\"\/><\/figure>\n\n\n\n<p><strong><em>\u00a0<\/em>Agencia EFE, Cuba<\/strong><\/p>\n\n\n\n<p id=\"m2106-2105-2107\">La isla de Cuba ha sufrido esta madrugada un terremoto de&nbsp;<strong>magnitud 6<\/strong>, percibido en las provincias de&nbsp;<strong>Guant\u00e1namo y de Santiago de Cuba<\/strong>, que ha coincidido con un apag\u00f3n que dej\u00f3 a la mayor parte de su territorio sin suministro el\u00e9ctrico, telefon\u00eda e internet.<\/p>\n\n\n\n<p id=\"m2111-2110-2112\">El Centro Nacional de Investigaciones Sismol\u00f3gicas cubano (CENAIS) ha informado de un&nbsp;<strong>temblor con epicentro en el mar<\/strong>, perceptible a las 00.28 hora local, \u00aba una profundidad de 20 kil\u00f3metros, con una magnitud de 6,0 y situado 37 kil\u00f3metros al sureste de Im\u00edas, provincia de Guant\u00e1namo\u00bb.<\/p>\n\n\n\n<p id=\"m2116-2115-2117\">El bolet\u00edn de CENAIS se\u00f1ala que el temblor se sinti\u00f3, adem\u00e1s de en Guant\u00e1namo, en la provincia de Santiago de Cuba.<\/p>\n\n\n\n<p id=\"m2121-2120-2122\">El Servicio Geol\u00f3gico de Estados Unidos (USGS), que registra la actividad s\u00edsmica en todo el mundo, reporta dos temblores, uno de 5,8 a las 00.28 horas, a 11,6 km de profundidad, y otro de&nbsp;<strong>4,7 diecis\u00e9is minutos despu\u00e9s<\/strong>, a 10 km.<\/p>\n\n\n\n<p id=\"m2126-2125-2127\">El Centro Sismol\u00f3gico Europeo del Mediterr\u00e1neo (EMSC), por su parte, habla de un terremoto de 5,8 y de otro posterior de 4,1.<\/p>\n\n\n\n<p id=\"m2131-2130-2132\"><strong>Una falla&nbsp;<\/strong>en el Sistema El\u00e9ctrico Nacional (SEN) de Cuba, cuyas causas a\u00fan se investigan, dej\u00f3 este lunes a m\u00e1s de&nbsp;<strong>nueve millones de personas sin corriente<\/strong>&nbsp;en el sexto apag\u00f3n nacional en a\u00f1o y medio en Cuba.<\/p>\n\n\n\n<p id=\"m2136-2135-2137\">Antes de esta nueva \u00abdesconexi\u00f3n total\u00bb la situaci\u00f3n ya era cr\u00edtica en la isla, con apagones de unas 15 horas diarias en La Habana y periodos continuos sin corriente de hasta dos d\u00edas en las provincias.<\/p>\n","protected":false},"excerpt":{"rendered":"<p>La isla de Cuba ha sufrido esta madrugada un terremoto de magnitud 6, percibido en<\/p>\n","protected":false},"author":1,"featured_media":24098,"comment_status":"open","ping_status":"open","sticky":false,"template":"","format":"standard","meta":{"footnotes":""},"categories":[4],"tags":[],"class_list":["post-24097","post","type-post","status-publish","format-standard","has-post-thumbnail","hentry","category-mundiales"],"_links":{"self":[{"href":"https:\/\/samantharadionline.com\/index.php\/wp-json\/wp\/v2\/posts\/24097","targetHints":{"allow":["GET"]}}],"collection":[{"href":"https:\/\/samantharadionline.com\/index.php\/wp-json\/wp\/v2\/posts"}],"about":[{"href":"https:\/\/samantharadionline.com\/index.php\/wp-json\/wp\/v2\/types\/post"}],"author":[{"embeddable":true,"href":"https:\/\/samantharadionline.com\/index.php\/wp-json\/wp\/v2\/users\/1"}],"replies":[{"embeddable":true,"href":"https:\/\/samantharadionline.com\/index.php\/wp-json\/wp\/v2\/comments?post=24097"}],"version-history":[{"count":1,"href":"https:\/\/samantharadionline.com\/index.php\/wp-json\/wp\/v2\/posts\/24097\/revisions"}],"predecessor-version":[{"id":24099,"href":"https:\/\/samantharadionline.com\/index.php\/wp-json\/wp\/v2\/posts\/24097\/revisions\/24099"}],"wp:featuredmedia":[{"embeddable":true,"href":"https:\/\/samantharadionline.com\/index.php\/wp-json\/wp\/v2\/media\/24098"}],"wp:attachment":[{"href":"https:\/\/samantharadionline.com\/index.php\/wp-json\/wp\/v2\/media?parent=24097"}],"wp:term":[{"taxonomy":"category","embeddable":true,"href":"https:\/\/samantharadionline.com\/index.php\/wp-json\/wp\/v2\/categories?post=24097"},{"taxonomy":"post_tag","embeddable":true,"href":"https:\/\/samantharadionline.com\/index.php\/wp-json\/wp\/v2\/tags?post=24097"}],"curies":[{"name":"wp","href":"https:\/\/api.w.org\/{rel}","templated":true}]}}