{"id":24094,"date":"2026-03-17T09:28:29","date_gmt":"2026-03-17T13:28:29","guid":{"rendered":"https:\/\/samantharadionline.com\/?p=24094"},"modified":"2026-03-17T09:28:29","modified_gmt":"2026-03-17T13:28:29","slug":"disponen-abrir-las-escuelas-a-las-630-de-la-manana","status":"publish","type":"post","link":"https:\/\/samantharadionline.com\/index.php\/2026\/03\/17\/disponen-abrir-las-escuelas-a-las-630-de-la-manana\/","title":{"rendered":"Disponen abrir las  escuelas a las 6:30 de la ma\u00f1ana"},"content":{"rendered":"\n<p class=\"has-medium-font-size\"><em>Esta medida se dispuso para los estudiantes que utilizan el Sistema Nacional de Transporte Estudiantil (TRAE), para que as\u00ed puedan estar seguros y se evite que permanezcan expuestos a las v\u00edas p\u00fablicas sin supervisi\u00f3n<\/em><\/p>\n\n\n\n<figure class=\"wp-block-image\"><img decoding=\"async\" src=\"https:\/\/listindiario.com\/files\/image_60_60\/uploads\/2024\/07\/02\/66847150a5ccb.jpeg\" alt=\"Avatar del Rosa Luna\"\/><\/figure>\n\n\n\n<p><strong><em>\u00a0<\/em>Rosa Luna, Santo Domingo, RD<\/strong><\/p>\n\n\n\n<p id=\"m27932-27931-27933\">El&nbsp;<strong>Ministerio de Educaci\u00f3n<\/strong>&nbsp;de la Rep\u00fablica Dominicana (<strong>Minerd<\/strong>) inform\u00f3 que los centros educativos deben abrir sus puertas desde las 6:30 de la ma\u00f1ana para garantizar la seguridad de los&nbsp;<strong>estudiantes<\/strong>.<\/p>\n\n\n\n<p id=\"m27937-27936-27938\">Esta medida se dispuso para que los estudiantes que utilizan el Sistema Nacional de Transporte Estudiantil (<strong>TRAE<\/strong>) puedan estar seguros y evitar que permanezcan expuestos a las v\u00edas p\u00fablicas sin supervisi\u00f3n.<\/p>\n\n\n\n<p id=\"m27942-27941-27943\">\u201cLa medida est\u00e1 contenida en la Circular VSTP No. 260-2026 y establece que los centros educativos deber\u00e1n permitir el ingreso temprano de los estudiantes que llegan en las unidades del transporte escolar. Es importante precisar que esta disposici\u00f3n no modifica el horario laboral de los docentes ni el inicio formal de la&nbsp;<strong>jornada escolar<\/strong>, que se mantiene a las 8:00 de la ma\u00f1ana\u201d, dispone el ministerio en un comunicado a este medio.<\/p>\n\n\n\n<p id=\"m27947-27946-27948\">Seg\u00fan lo establecido por el Minerd, el objetivo de esta disposici\u00f3n es asegurar que los estudiantes que llegan temprano a los planteles puedan permanecer dentro de un entorno protegido desde el momento en que descienden del autob\u00fas, minimizando as\u00ed riesgos de accidentes o posibles situaciones vinculadas a la seguridad ciudadana.<\/p>\n\n\n\n<p id=\"m27952-27951-27953\">La implementaci\u00f3n de la medida se realiza en coordinaci\u00f3n con cada centro educativo, tomando en cuenta sus particularidades operativas y organizativas, a fin de disponer del personal necesario para recibir a los estudiantes desde la hora establecida.<\/p>\n\n\n\n<h3 class=\"wp-block-heading\">La ADP rechaza la medida<\/h3>\n\n\n\n<p id=\"m27957-27956-27958\">Al enviar la circular administrativa del<strong>&nbsp;Ministerio de Educaci\u00f3n<\/strong>&nbsp;que dispone la apertura de las puertas de las escuelas p\u00fablicas a las 6:30 de la ma\u00f1ana, la Asociaci\u00f3n Dominicana de Profesores (ADP) rechaz\u00f3 este llamado.<\/p>\n\n\n\n<p id=\"m27962-27961-27963\">El gremio de maestros argument\u00f3 que esa medida oficial obliga al personal&nbsp;<strong>docente&nbsp;<\/strong>a trabajar fuera del horario laboral oficialmente establecido.<\/p>\n\n\n\n<p id=\"m27967-27966-27968\">La circular n\u00famero 260-2026, emitida por el Viceministerio de Servicios T\u00e9cnicos y Pedag\u00f3gicos del Ministerio de Educaci\u00f3n, fue enviada a los directores regionales, distritales y de centros educativos, buscando garantizar la integridad f\u00edsica de los estudiantes.<\/p>\n\n\n\n<p id=\"m27972-27971-27973\">\u201cLes solicitamos que consideren adelantar el horario de apertura de las puertas de entrada de los centros educativos cuyos estudiantes utilizan el Sistema Nacional de Transporte Estudiantil (TRAE) a partir de las 6:30 de la ma\u00f1ana\u201d, expres\u00f3 el documento.<\/p>\n\n\n\n<p id=\"m27977-27976-27978\">El horario de entrada a las aulas es a las 8:00 de la ma\u00f1ana, pero las puertas de entrada a los recintos escolares son abiertas a las 7:00 y las 7:30 de la ma\u00f1ana, para que los estudiantes puedan formar filas a tiempo para subir la bandera y realizar cualquier actividad educativa previa.<\/p>\n\n\n\n<p id=\"m27982-27981-27983\">\u201cTenemos a bien expresar nuestro rechazo formal y jur\u00eddico a la circular n\u00famero 260-2026, en la medida en que pretende establecer responsabilidades al personal docente fuera del horario laboral oficialmente establecido\u201d, indic\u00f3 la carta firmada por el&nbsp;<strong>presidente de la ADP<\/strong>,<strong>&nbsp;Eduardo Hidalgo<\/strong>.<\/p>\n\n\n\n<p id=\"m27987-27986-27988\">Adem\u00e1s, la ADP solicit\u00f3 a las autoridades educativas revisar y dejar sin efecto cualquier interpretaci\u00f3n o aplicaci\u00f3n de la circular 260-2026 que implique adelantar el horario laboral del personal docente o establecer responsabilidades fuera del horario oficialmente establecido.<\/p>\n","protected":false},"excerpt":{"rendered":"<p>Esta medida se dispuso para los estudiantes que utilizan el Sistema Nacional de Transporte Estudiantil<\/p>\n","protected":false},"author":1,"featured_media":24095,"comment_status":"open","ping_status":"open","sticky":false,"template":"","format":"standard","meta":{"footnotes":""},"categories":[12],"tags":[],"class_list":["post-24094","post","type-post","status-publish","format-standard","has-post-thumbnail","hentry","category-nacionales"],"_links":{"self":[{"href":"https:\/\/samantharadionline.com\/index.php\/wp-json\/wp\/v2\/posts\/24094","targetHints":{"allow":["GET"]}}],"collection":[{"href":"https:\/\/samantharadionline.com\/index.php\/wp-json\/wp\/v2\/posts"}],"about":[{"href":"https:\/\/samantharadionline.com\/index.php\/wp-json\/wp\/v2\/types\/post"}],"author":[{"embeddable":true,"href":"https:\/\/samantharadionline.com\/index.php\/wp-json\/wp\/v2\/users\/1"}],"replies":[{"embeddable":true,"href":"https:\/\/samantharadionline.com\/index.php\/wp-json\/wp\/v2\/comments?post=24094"}],"version-history":[{"count":1,"href":"https:\/\/samantharadionline.com\/index.php\/wp-json\/wp\/v2\/posts\/24094\/revisions"}],"predecessor-version":[{"id":24096,"href":"https:\/\/samantharadionline.com\/index.php\/wp-json\/wp\/v2\/posts\/24094\/revisions\/24096"}],"wp:featuredmedia":[{"embeddable":true,"href":"https:\/\/samantharadionline.com\/index.php\/wp-json\/wp\/v2\/media\/24095"}],"wp:attachment":[{"href":"https:\/\/samantharadionline.com\/index.php\/wp-json\/wp\/v2\/media?parent=24094"}],"wp:term":[{"taxonomy":"category","embeddable":true,"href":"https:\/\/samantharadionline.com\/index.php\/wp-json\/wp\/v2\/categories?post=24094"},{"taxonomy":"post_tag","embeddable":true,"href":"https:\/\/samantharadionline.com\/index.php\/wp-json\/wp\/v2\/tags?post=24094"}],"curies":[{"name":"wp","href":"https:\/\/api.w.org\/{rel}","templated":true}]}}